{"id":8053,"date":"2023-10-20T09:47:37","date_gmt":"2023-10-20T09:47:37","guid":{"rendered":"https:\/\/ecowas.rogeap.org\/2023\/10\/20\/o-projeto-regional-de-acesso-a-eletricidade-fora-da-rede-rogeap-foi-oficialmente-lancado-em-cabo-verde-por-s-e-dr-omar-alieu-touray-presidente-da-comissao-da-cedeao\/"},"modified":"2023-10-20T17:03:36","modified_gmt":"2023-10-20T17:03:36","slug":"o-projeto-regional-de-acesso-a-eletricidade-fora-da-rede-rogeap-foi-oficialmente-lancado-em-cabo-verde-por-s-e-dr-omar-alieu-touray-presidente-da-comissao-da-cedeao","status":"publish","type":"post","link":"https:\/\/ecowas.rogeap.org\/pt-pt\/2023\/10\/20\/o-projeto-regional-de-acesso-a-eletricidade-fora-da-rede-rogeap-foi-oficialmente-lancado-em-cabo-verde-por-s-e-dr-omar-alieu-touray-presidente-da-comissao-da-cedeao\/","title":{"rendered":"O Projeto Regional de Acesso \u00e0 Eletricidade Fora da Rede (ROGEAP) foi oficialmente lan\u00e7ado em Cabo Verde por S.E. Dr. Omar Alieu TOURAY, Presidente da Comiss\u00e3o da CEDEAO"},"content":{"rendered":"\n<h2 class=\"wp-block-heading\">A cerim\u00f3nia de abertura do 8\u00ba F\u00f3rum da CEDEAO para a Energia Sustent\u00e1vel (ESEF 2023), organizada na quinta-feira, 12 de outubro de 2023, na Cidade da Praia, Cabo Verde, pelo Centro Regional da CEDEAO para as Energias Renov\u00e1veis e Efici\u00eancia Energ\u00e9tica (ECREEE), serviu tamb\u00e9m de cen\u00e1rio para o lan\u00e7amento do Projeto Regional de Acesso \u00e0 Eletricidade Fora da Rede (ROGEAP). Estas duas actividades foram lan\u00e7adas por S. Exa. Ulisses CORREIA E SILVA, Primeiro-Ministro de Cabo Verde e S. Exa. Dr. Omar Alieu TOURAY, Presidente da Comiss\u00e3o da CEDEAO, na presen\u00e7a do Comiss\u00e1rio Sediko DOUKA, respons\u00e1vel pelas Infra-estruturas, Energia e Digitaliza\u00e7\u00e3o.<\/h2>\n\n<p>Mais de 300 participantes estiveram presentes na sala de confer\u00eancias da Assembleia Nacional de Cabo Verde para a cerim\u00f3nia de abertura do ESEF 2023 e o lan\u00e7amento do ROGEAP. Para al\u00e9m de membros do Governo e deputados cabo-verdianos, o evento contou com a presen\u00e7a dos Chefes de Ag\u00eancias e Directores respons\u00e1veis pela energia na Comiss\u00e3o da CEDEAO e nos Estados Membros da CEDEAO, representantes de parceiros como o Banco Mundial, o Banco de Desenvolvimento da \u00c1frica Ocidental, a Uni\u00e3o Europeia, a USAID, bancos comerciais, organiza\u00e7\u00f5es n\u00e3o governamentais e associa\u00e7\u00f5es que trabalham no sector da energia sustent\u00e1vel e o sector privado.<\/p>\n\n<p>Ap\u00f3s as boas-vindas de <strong>Comiss\u00e1rio S\u00e9diko DOUKA<\/strong> respons\u00e1vel pelas Infra-estruturas, Energia e Digitaliza\u00e7\u00e3o e o discurso de <strong>Sr. Kwaku Mensan GABA<\/strong>Gestor de Pr\u00e1ticas para a \u00c1frica Ocidental no Banco Mundial, o pr\u00e9mio foi atribu\u00eddo a <strong>S.E. Dr. Alieu Omar TOURAY<\/strong>Presidente da Comiss\u00e3o da CEDEAO para lan\u00e7ar o ROGEAP.<\/p>\n\n<figure class=\"wp-block-image size-large\"><img fetchpriority=\"high\" decoding=\"async\" width=\"1024\" height=\"682\" src=\"https:\/\/ecowas.rogeap.org\/wp-content\/uploads\/2023\/10\/5-1024x682.jpg\" alt=\"\" class=\"wp-image-8043\"\/><\/figure>\n\n<p>Depois de expressar a sua sincera gratid\u00e3o a S <strong>.E. Jos\u00e9 Maria Pereira NEVES, Presidente de Cabo Verde<\/strong>, pelo seu empenho na integra\u00e7\u00e3o regional, e a S <strong>.E. Ulisses CORREIA E SILVA , Primeiro-Ministro de Cabo Verde<\/strong> e o seu governo pelo seu apoio ao ECREEE e ao ESEF 2023, o Presidente da Comiss\u00e3o da CEDEAO reiterou a import\u00e2ncia deste f\u00f3rum, que constitui uma plataforma privilegiada para discutir o papel crucial das energias renov\u00e1veis e da efici\u00eancia energ\u00e9tica como catalisadores do desenvolvimento sustent\u00e1vel, tanto a n\u00edvel mundial como na \u00c1frica Ocidental. &#8221; <strong><em>Hoje \u00e9 um dia particularmente solene com o lan\u00e7amento do Projeto Regional de Acesso \u00e0 Eletricidade Fora da Rede (ROGEAP)&#8230;. O ROGEAP \u00e9 um dos projectos de energias renov\u00e1veis mais importantes para a Comiss\u00e3o da CEDEAO.<\/em><\/strong> afirmou S. Exa. o Dr. Alieu Omar TOURAY no final do seu discurso. Os trabalhos foram abertos por S. Exa <strong>. Ulisses CORREIA E SILVA, Primeiro-Ministro de Cabo Verde <\/strong>, que proferiu o discurso oficial de lan\u00e7amento do f\u00f3rum<strong>.<\/strong><\/p>\n\n<p>O ROGEAP aproveitou o segundo dia do f\u00f3rum para organizar a sua primeira reuni\u00e3o f\u00edsica da iniciativa, denominada &#8221; <strong>a Comunidade de Campe\u00f5es<\/strong> &#8220;O evento foi organizado pela Associa\u00e7\u00e3o Solar da \u00c1frica Ocidental (WASA) (mais a Maurit\u00e2nia, o Chade, os Camar\u00f5es e a Rep\u00fablica Centro-Africana) com os governos e o sector privado para debater os desafios que o mercado da energia solar fora da rede enfrenta na regi\u00e3o.<\/p>\n\n<p>As 3 sess\u00f5es conduzidas pelo ROGEAP durante a &#8220;Comunidade de Campe\u00f5es&#8221; centraram-se, respetivamente, em &#8221; <strong>o quadro pol\u00edtico e regulamentar para a ind\u00fastria fora da rede na regi\u00e3o da CEDEAO <\/strong>&#8220;, &#8220;. <strong>a participa\u00e7\u00e3o e o papel do sector privado no acesso \u00e0 energia fora da rede<\/strong> &#8221; e, por \u00faltimo, &#8221; <strong>Acesso ao financiamento da energia fora da rede&#8221;.<\/strong> A Comunidade de Campe\u00f5es \u00e9 uma plataforma apoiada pelo Banco Mundial\/ESMAP, a Funda\u00e7\u00e3o Shell, USAID\/Power Africa, AECF, SE4All e GOGLA para facilitar o interc\u00e2mbio cont\u00ednuo, principalmente entre governos, o sector privado e os parceiros de desenvolvimento, para colaborar na cria\u00e7\u00e3o de um ambiente pol\u00edtico favor\u00e1vel atrav\u00e9s das melhores pr\u00e1ticas e da partilha de experi\u00eancias para contribuir para o acesso universal \u00e0 energia na \u00c1frica Subsariana.<\/p>\n\n<figure class=\"wp-block-image size-large is-resized\"><img decoding=\"async\" width=\"1024\" height=\"682\" src=\"https:\/\/ecowas.rogeap.org\/wp-content\/uploads\/2023\/10\/6-1024x682.jpg\" alt=\"\" class=\"wp-image-8046\" style=\"aspect-ratio:1.501466275659824;width:841px;height:auto\"\/><\/figure>\n","protected":false},"excerpt":{"rendered":"<p>A cerim\u00f3nia de abertura do 8\u00ba F\u00f3rum da CEDEAO para a Energia Sustent\u00e1vel (ESEF 2023), organizada na quinta-feira, 12 de outubro de 2023, na Cidade da Praia, Cabo Verde, pelo Centro Regional da CEDEAO para as Energias Renov\u00e1veis e Efici\u00eancia Energ\u00e9tica (ECREEE), serviu tamb\u00e9m de cen\u00e1rio para o lan\u00e7amento do Projeto Regional de Acesso \u00e0 [&hellip;]<\/p>\n","protected":false},"author":5,"featured_media":8037,"comment_status":"open","ping_status":"open","sticky":false,"template":"","format":"standard","meta":{"om_disable_all_campaigns":false,"_monsterinsights_skip_tracking":false,"_monsterinsights_sitenote_active":false,"_monsterinsights_sitenote_note":"","_monsterinsights_sitenote_category":0,"_uf_show_specific_survey":0,"_uf_disable_surveys":false,"footnotes":""},"categories":[143,160,124],"tags":[],"class_list":["post-8053","post","type-post","status-publish","format-standard","has-post-thumbnail","hentry","category-anuncios","category-comunicado-de-imprensa","category-oficina"],"yoast_head":"<!-- This site is optimized with the Yoast SEO plugin v27.5 - https:\/\/yoast.com\/product\/yoast-seo-wordpress\/ -->\n<title>O Projeto Regional de Acesso \u00e0 Eletricidade Fora da Rede (ROGEAP) foi oficialmente lan\u00e7ado em Cabo Verde por S.E. Dr. Omar Alieu TOURAY, Presidente da Comiss\u00e3o da CEDEAO - ROGEAP<\/title>\n<meta name=\"robots\" content=\"index, follow, max-snippet:-1, max-image-preview:large, max-video-preview:-1\" \/>\n<link rel=\"canonical\" href=\"https:\/\/ecowas.rogeap.org\/pt-pt\/2023\/10\/20\/o-projeto-regional-de-acesso-a-eletricidade-fora-da-rede-rogeap-foi-oficialmente-lancado-em-cabo-verde-por-s-e-dr-omar-alieu-touray-presidente-da-comissao-da-cedeao\/\" \/>\n<meta property=\"og:locale\" content=\"pt_PT\" \/>\n<meta property=\"og:type\" content=\"article\" \/>\n<meta property=\"og:title\" content=\"O Projeto Regional de Acesso \u00e0 Eletricidade Fora da Rede (ROGEAP) foi oficialmente lan\u00e7ado em Cabo Verde por S.E. Dr. Omar Alieu TOURAY, Presidente da Comiss\u00e3o da CEDEAO - ROGEAP\" \/>\n<meta property=\"og:description\" content=\"A cerim\u00f3nia de abertura do 8\u00ba F\u00f3rum da CEDEAO para a Energia Sustent\u00e1vel (ESEF 2023), organizada na quinta-feira, 12 de outubro de 2023, na Cidade da Praia, Cabo Verde, pelo Centro Regional da CEDEAO para as Energias Renov\u00e1veis e Efici\u00eancia Energ\u00e9tica (ECREEE), serviu tamb\u00e9m de cen\u00e1rio para o lan\u00e7amento do Projeto Regional de Acesso \u00e0 [&hellip;]\" \/>\n<meta property=\"og:url\" content=\"https:\/\/ecowas.rogeap.org\/pt-pt\/2023\/10\/20\/o-projeto-regional-de-acesso-a-eletricidade-fora-da-rede-rogeap-foi-oficialmente-lancado-em-cabo-verde-por-s-e-dr-omar-alieu-touray-presidente-da-comissao-da-cedeao\/\" \/>\n<meta property=\"og:site_name\" content=\"ROGEAP\" \/>\n<meta property=\"article:publisher\" content=\"https:\/\/www.facebook.com\/EcowasRogeap\" \/>\n<meta property=\"article:published_time\" content=\"2023-10-20T09:47:37+00:00\" \/>\n<meta property=\"article:modified_time\" content=\"2023-10-20T17:03:36+00:00\" \/>\n<meta property=\"og:image\" content=\"https:\/\/ecowas.rogeap.org\/wp-content\/uploads\/2023\/10\/3.jpg\" \/>\n\t<meta property=\"og:image:width\" content=\"1732\" \/>\n\t<meta property=\"og:image:height\" content=\"1154\" \/>\n\t<meta property=\"og:image:type\" content=\"image\/jpeg\" \/>\n<meta name=\"author\" content=\"Jo\u00ebl AHOFODJI\" \/>\n<meta name=\"twitter:card\" content=\"summary_large_image\" \/>\n<meta name=\"twitter:creator\" content=\"@ERogeap\" \/>\n<meta name=\"twitter:site\" content=\"@ERogeap\" \/>\n<meta name=\"twitter:label1\" content=\"Escrito por\" \/>\n\t<meta name=\"twitter:data1\" content=\"Jo\u00ebl AHOFODJI\" \/>\n\t<meta name=\"twitter:label2\" content=\"Tempo estimado de leitura\" \/>\n\t<meta name=\"twitter:data2\" content=\"3 minutos\" \/>\n<script type=\"application\/ld+json\" class=\"yoast-schema-graph\">{\"@context\":\"https:\\\/\\\/schema.org\",\"@graph\":[{\"@type\":\"Article\",\"@id\":\"https:\\\/\\\/ecowas.rogeap.org\\\/pt-pt\\\/2023\\\/10\\\/20\\\/o-projeto-regional-de-acesso-a-eletricidade-fora-da-rede-rogeap-foi-oficialmente-lancado-em-cabo-verde-por-s-e-dr-omar-alieu-touray-presidente-da-comissao-da-cedeao\\\/#article\",\"isPartOf\":{\"@id\":\"https:\\\/\\\/ecowas.rogeap.org\\\/pt-pt\\\/2023\\\/10\\\/20\\\/o-projeto-regional-de-acesso-a-eletricidade-fora-da-rede-rogeap-foi-oficialmente-lancado-em-cabo-verde-por-s-e-dr-omar-alieu-touray-presidente-da-comissao-da-cedeao\\\/\"},\"author\":{\"name\":\"Jo\u00ebl AHOFODJI\",\"@id\":\"https:\\\/\\\/ecowas.rogeap.org\\\/pt-pt\\\/#\\\/schema\\\/person\\\/63ef93e9c17986a27e2eea8edcd5b68f\"},\"headline\":\"O Projeto Regional de Acesso \u00e0 Eletricidade Fora da Rede (ROGEAP) foi oficialmente lan\u00e7ado em Cabo Verde por S.E. Dr. Omar Alieu TOURAY, Presidente da Comiss\u00e3o da CEDEAO\",\"datePublished\":\"2023-10-20T09:47:37+00:00\",\"dateModified\":\"2023-10-20T17:03:36+00:00\",\"mainEntityOfPage\":{\"@id\":\"https:\\\/\\\/ecowas.rogeap.org\\\/pt-pt\\\/2023\\\/10\\\/20\\\/o-projeto-regional-de-acesso-a-eletricidade-fora-da-rede-rogeap-foi-oficialmente-lancado-em-cabo-verde-por-s-e-dr-omar-alieu-touray-presidente-da-comissao-da-cedeao\\\/\"},\"wordCount\":695,\"commentCount\":0,\"publisher\":{\"@id\":\"https:\\\/\\\/ecowas.rogeap.org\\\/pt-pt\\\/#organization\"},\"image\":{\"@id\":\"https:\\\/\\\/ecowas.rogeap.org\\\/pt-pt\\\/2023\\\/10\\\/20\\\/o-projeto-regional-de-acesso-a-eletricidade-fora-da-rede-rogeap-foi-oficialmente-lancado-em-cabo-verde-por-s-e-dr-omar-alieu-touray-presidente-da-comissao-da-cedeao\\\/#primaryimage\"},\"thumbnailUrl\":\"https:\\\/\\\/ecowas.rogeap.org\\\/wp-content\\\/uploads\\\/2023\\\/10\\\/3.jpg\",\"articleSection\":[\"An\u00fancios\",\"Comunicado de imprensa\",\"Oficina\"],\"inLanguage\":\"pt-PT\",\"potentialAction\":[{\"@type\":\"CommentAction\",\"name\":\"Comment\",\"target\":[\"https:\\\/\\\/ecowas.rogeap.org\\\/pt-pt\\\/2023\\\/10\\\/20\\\/o-projeto-regional-de-acesso-a-eletricidade-fora-da-rede-rogeap-foi-oficialmente-lancado-em-cabo-verde-por-s-e-dr-omar-alieu-touray-presidente-da-comissao-da-cedeao\\\/#respond\"]}]},{\"@type\":\"WebPage\",\"@id\":\"https:\\\/\\\/ecowas.rogeap.org\\\/pt-pt\\\/2023\\\/10\\\/20\\\/o-projeto-regional-de-acesso-a-eletricidade-fora-da-rede-rogeap-foi-oficialmente-lancado-em-cabo-verde-por-s-e-dr-omar-alieu-touray-presidente-da-comissao-da-cedeao\\\/\",\"url\":\"https:\\\/\\\/ecowas.rogeap.org\\\/pt-pt\\\/2023\\\/10\\\/20\\\/o-projeto-regional-de-acesso-a-eletricidade-fora-da-rede-rogeap-foi-oficialmente-lancado-em-cabo-verde-por-s-e-dr-omar-alieu-touray-presidente-da-comissao-da-cedeao\\\/\",\"name\":\"O Projeto Regional de Acesso \u00e0 Eletricidade Fora da Rede (ROGEAP) foi oficialmente lan\u00e7ado em Cabo Verde por S.E. Dr. Omar Alieu TOURAY, Presidente da Comiss\u00e3o da CEDEAO - ROGEAP\",\"isPartOf\":{\"@id\":\"https:\\\/\\\/ecowas.rogeap.org\\\/pt-pt\\\/#website\"},\"primaryImageOfPage\":{\"@id\":\"https:\\\/\\\/ecowas.rogeap.org\\\/pt-pt\\\/2023\\\/10\\\/20\\\/o-projeto-regional-de-acesso-a-eletricidade-fora-da-rede-rogeap-foi-oficialmente-lancado-em-cabo-verde-por-s-e-dr-omar-alieu-touray-presidente-da-comissao-da-cedeao\\\/#primaryimage\"},\"image\":{\"@id\":\"https:\\\/\\\/ecowas.rogeap.org\\\/pt-pt\\\/2023\\\/10\\\/20\\\/o-projeto-regional-de-acesso-a-eletricidade-fora-da-rede-rogeap-foi-oficialmente-lancado-em-cabo-verde-por-s-e-dr-omar-alieu-touray-presidente-da-comissao-da-cedeao\\\/#primaryimage\"},\"thumbnailUrl\":\"https:\\\/\\\/ecowas.rogeap.org\\\/wp-content\\\/uploads\\\/2023\\\/10\\\/3.jpg\",\"datePublished\":\"2023-10-20T09:47:37+00:00\",\"dateModified\":\"2023-10-20T17:03:36+00:00\",\"breadcrumb\":{\"@id\":\"https:\\\/\\\/ecowas.rogeap.org\\\/pt-pt\\\/2023\\\/10\\\/20\\\/o-projeto-regional-de-acesso-a-eletricidade-fora-da-rede-rogeap-foi-oficialmente-lancado-em-cabo-verde-por-s-e-dr-omar-alieu-touray-presidente-da-comissao-da-cedeao\\\/#breadcrumb\"},\"inLanguage\":\"pt-PT\",\"potentialAction\":[{\"@type\":\"ReadAction\",\"target\":[\"https:\\\/\\\/ecowas.rogeap.org\\\/pt-pt\\\/2023\\\/10\\\/20\\\/o-projeto-regional-de-acesso-a-eletricidade-fora-da-rede-rogeap-foi-oficialmente-lancado-em-cabo-verde-por-s-e-dr-omar-alieu-touray-presidente-da-comissao-da-cedeao\\\/\"]}]},{\"@type\":\"ImageObject\",\"inLanguage\":\"pt-PT\",\"@id\":\"https:\\\/\\\/ecowas.rogeap.org\\\/pt-pt\\\/2023\\\/10\\\/20\\\/o-projeto-regional-de-acesso-a-eletricidade-fora-da-rede-rogeap-foi-oficialmente-lancado-em-cabo-verde-por-s-e-dr-omar-alieu-touray-presidente-da-comissao-da-cedeao\\\/#primaryimage\",\"url\":\"https:\\\/\\\/ecowas.rogeap.org\\\/wp-content\\\/uploads\\\/2023\\\/10\\\/3.jpg\",\"contentUrl\":\"https:\\\/\\\/ecowas.rogeap.org\\\/wp-content\\\/uploads\\\/2023\\\/10\\\/3.jpg\",\"width\":1732,\"height\":1154},{\"@type\":\"BreadcrumbList\",\"@id\":\"https:\\\/\\\/ecowas.rogeap.org\\\/pt-pt\\\/2023\\\/10\\\/20\\\/o-projeto-regional-de-acesso-a-eletricidade-fora-da-rede-rogeap-foi-oficialmente-lancado-em-cabo-verde-por-s-e-dr-omar-alieu-touray-presidente-da-comissao-da-cedeao\\\/#breadcrumb\",\"itemListElement\":[{\"@type\":\"ListItem\",\"position\":1,\"name\":\"Accueil\",\"item\":\"https:\\\/\\\/ecowas.rogeap.org\\\/pt-pt\\\/accueil\\\/\"},{\"@type\":\"ListItem\",\"position\":2,\"name\":\"O Projeto Regional de Acesso \u00e0 Eletricidade Fora da Rede (ROGEAP) foi oficialmente lan\u00e7ado em Cabo Verde por S.E. Dr. Omar Alieu TOURAY, Presidente da Comiss\u00e3o da CEDEAO\"}]},{\"@type\":\"WebSite\",\"@id\":\"https:\\\/\\\/ecowas.rogeap.org\\\/pt-pt\\\/#website\",\"url\":\"https:\\\/\\\/ecowas.rogeap.org\\\/pt-pt\\\/\",\"name\":\"ROGEAP\",\"description\":\"Projet R\u00e9gional d\u2019Acc\u00e8s \u00e0 l\u2019Electricit\u00e9 Hors R\u00e9seau\",\"publisher\":{\"@id\":\"https:\\\/\\\/ecowas.rogeap.org\\\/pt-pt\\\/#organization\"},\"potentialAction\":[{\"@type\":\"SearchAction\",\"target\":{\"@type\":\"EntryPoint\",\"urlTemplate\":\"https:\\\/\\\/ecowas.rogeap.org\\\/pt-pt\\\/?s={search_term_string}\"},\"query-input\":{\"@type\":\"PropertyValueSpecification\",\"valueRequired\":true,\"valueName\":\"search_term_string\"}}],\"inLanguage\":\"pt-PT\"},{\"@type\":\"Organization\",\"@id\":\"https:\\\/\\\/ecowas.rogeap.org\\\/pt-pt\\\/#organization\",\"name\":\"Projet d\u2019acc\u00e8s \u00e0 l\u2019\u00e9lectricit\u00e9 hors r\u00e9seau\",\"url\":\"https:\\\/\\\/ecowas.rogeap.org\\\/pt-pt\\\/\",\"logo\":{\"@type\":\"ImageObject\",\"inLanguage\":\"pt-PT\",\"@id\":\"https:\\\/\\\/ecowas.rogeap.org\\\/pt-pt\\\/#\\\/schema\\\/logo\\\/image\\\/\",\"url\":\"https:\\\/\\\/ecowas.rogeap.org\\\/wp-content\\\/uploads\\\/2023\\\/08\\\/2.png\",\"contentUrl\":\"https:\\\/\\\/ecowas.rogeap.org\\\/wp-content\\\/uploads\\\/2023\\\/08\\\/2.png\",\"width\":1359,\"height\":743,\"caption\":\"Projet d\u2019acc\u00e8s \u00e0 l\u2019\u00e9lectricit\u00e9 hors r\u00e9seau\"},\"image\":{\"@id\":\"https:\\\/\\\/ecowas.rogeap.org\\\/pt-pt\\\/#\\\/schema\\\/logo\\\/image\\\/\"},\"sameAs\":[\"https:\\\/\\\/www.facebook.com\\\/EcowasRogeap\",\"https:\\\/\\\/x.com\\\/ERogeap\",\"https:\\\/\\\/www.linkedin.com\\\/company\\\/ecowas-rogeap-regional-off-grid-electricity-access-project\"]},{\"@type\":\"Person\",\"@id\":\"https:\\\/\\\/ecowas.rogeap.org\\\/pt-pt\\\/#\\\/schema\\\/person\\\/63ef93e9c17986a27e2eea8edcd5b68f\",\"name\":\"Jo\u00ebl AHOFODJI\",\"image\":{\"@type\":\"ImageObject\",\"inLanguage\":\"pt-PT\",\"@id\":\"https:\\\/\\\/secure.gravatar.com\\\/avatar\\\/18f7c25a79f29998d5fc1c4422934d04cff57ce230a5f4ce6fa75d59faee30d1?s=96&d=mm&r=g\",\"url\":\"https:\\\/\\\/secure.gravatar.com\\\/avatar\\\/18f7c25a79f29998d5fc1c4422934d04cff57ce230a5f4ce6fa75d59faee30d1?s=96&d=mm&r=g\",\"contentUrl\":\"https:\\\/\\\/secure.gravatar.com\\\/avatar\\\/18f7c25a79f29998d5fc1c4422934d04cff57ce230a5f4ce6fa75d59faee30d1?s=96&d=mm&r=g\",\"caption\":\"Jo\u00ebl AHOFODJI\"},\"sameAs\":[\"https:\\\/\\\/ecowas.rogeap.org\"],\"url\":\"https:\\\/\\\/ecowas.rogeap.org\\\/pt-pt\\\/author\\\/ahofodji\\\/\"}]}<\/script>\n<!-- \/ Yoast SEO plugin. -->","yoast_head_json":{"title":"O Projeto Regional de Acesso \u00e0 Eletricidade Fora da Rede (ROGEAP) foi oficialmente lan\u00e7ado em Cabo Verde por S.E. Dr. Omar Alieu TOURAY, Presidente da Comiss\u00e3o da CEDEAO - ROGEAP","robots":{"index":"index","follow":"follow","max-snippet":"max-snippet:-1","max-image-preview":"max-image-preview:large","max-video-preview":"max-video-preview:-1"},"canonical":"https:\/\/ecowas.rogeap.org\/pt-pt\/2023\/10\/20\/o-projeto-regional-de-acesso-a-eletricidade-fora-da-rede-rogeap-foi-oficialmente-lancado-em-cabo-verde-por-s-e-dr-omar-alieu-touray-presidente-da-comissao-da-cedeao\/","og_locale":"pt_PT","og_type":"article","og_title":"O Projeto Regional de Acesso \u00e0 Eletricidade Fora da Rede (ROGEAP) foi oficialmente lan\u00e7ado em Cabo Verde por S.E. Dr. Omar Alieu TOURAY, Presidente da Comiss\u00e3o da CEDEAO - ROGEAP","og_description":"A cerim\u00f3nia de abertura do 8\u00ba F\u00f3rum da CEDEAO para a Energia Sustent\u00e1vel (ESEF 2023), organizada na quinta-feira, 12 de outubro de 2023, na Cidade da Praia, Cabo Verde, pelo Centro Regional da CEDEAO para as Energias Renov\u00e1veis e Efici\u00eancia Energ\u00e9tica (ECREEE), serviu tamb\u00e9m de cen\u00e1rio para o lan\u00e7amento do Projeto Regional de Acesso \u00e0 [&hellip;]","og_url":"https:\/\/ecowas.rogeap.org\/pt-pt\/2023\/10\/20\/o-projeto-regional-de-acesso-a-eletricidade-fora-da-rede-rogeap-foi-oficialmente-lancado-em-cabo-verde-por-s-e-dr-omar-alieu-touray-presidente-da-comissao-da-cedeao\/","og_site_name":"ROGEAP","article_publisher":"https:\/\/www.facebook.com\/EcowasRogeap","article_published_time":"2023-10-20T09:47:37+00:00","article_modified_time":"2023-10-20T17:03:36+00:00","og_image":[{"width":1732,"height":1154,"url":"https:\/\/ecowas.rogeap.org\/wp-content\/uploads\/2023\/10\/3.jpg","type":"image\/jpeg"}],"author":"Jo\u00ebl AHOFODJI","twitter_card":"summary_large_image","twitter_creator":"@ERogeap","twitter_site":"@ERogeap","twitter_misc":{"Escrito por":"Jo\u00ebl AHOFODJI","Tempo estimado de leitura":"3 minutos"},"schema":{"@context":"https:\/\/schema.org","@graph":[{"@type":"Article","@id":"https:\/\/ecowas.rogeap.org\/pt-pt\/2023\/10\/20\/o-projeto-regional-de-acesso-a-eletricidade-fora-da-rede-rogeap-foi-oficialmente-lancado-em-cabo-verde-por-s-e-dr-omar-alieu-touray-presidente-da-comissao-da-cedeao\/#article","isPartOf":{"@id":"https:\/\/ecowas.rogeap.org\/pt-pt\/2023\/10\/20\/o-projeto-regional-de-acesso-a-eletricidade-fora-da-rede-rogeap-foi-oficialmente-lancado-em-cabo-verde-por-s-e-dr-omar-alieu-touray-presidente-da-comissao-da-cedeao\/"},"author":{"name":"Jo\u00ebl AHOFODJI","@id":"https:\/\/ecowas.rogeap.org\/pt-pt\/#\/schema\/person\/63ef93e9c17986a27e2eea8edcd5b68f"},"headline":"O Projeto Regional de Acesso \u00e0 Eletricidade Fora da Rede (ROGEAP) foi oficialmente lan\u00e7ado em Cabo Verde por S.E. Dr. Omar Alieu TOURAY, Presidente da Comiss\u00e3o da CEDEAO","datePublished":"2023-10-20T09:47:37+00:00","dateModified":"2023-10-20T17:03:36+00:00","mainEntityOfPage":{"@id":"https:\/\/ecowas.rogeap.org\/pt-pt\/2023\/10\/20\/o-projeto-regional-de-acesso-a-eletricidade-fora-da-rede-rogeap-foi-oficialmente-lancado-em-cabo-verde-por-s-e-dr-omar-alieu-touray-presidente-da-comissao-da-cedeao\/"},"wordCount":695,"commentCount":0,"publisher":{"@id":"https:\/\/ecowas.rogeap.org\/pt-pt\/#organization"},"image":{"@id":"https:\/\/ecowas.rogeap.org\/pt-pt\/2023\/10\/20\/o-projeto-regional-de-acesso-a-eletricidade-fora-da-rede-rogeap-foi-oficialmente-lancado-em-cabo-verde-por-s-e-dr-omar-alieu-touray-presidente-da-comissao-da-cedeao\/#primaryimage"},"thumbnailUrl":"https:\/\/ecowas.rogeap.org\/wp-content\/uploads\/2023\/10\/3.jpg","articleSection":["An\u00fancios","Comunicado de imprensa","Oficina"],"inLanguage":"pt-PT","potentialAction":[{"@type":"CommentAction","name":"Comment","target":["https:\/\/ecowas.rogeap.org\/pt-pt\/2023\/10\/20\/o-projeto-regional-de-acesso-a-eletricidade-fora-da-rede-rogeap-foi-oficialmente-lancado-em-cabo-verde-por-s-e-dr-omar-alieu-touray-presidente-da-comissao-da-cedeao\/#respond"]}]},{"@type":"WebPage","@id":"https:\/\/ecowas.rogeap.org\/pt-pt\/2023\/10\/20\/o-projeto-regional-de-acesso-a-eletricidade-fora-da-rede-rogeap-foi-oficialmente-lancado-em-cabo-verde-por-s-e-dr-omar-alieu-touray-presidente-da-comissao-da-cedeao\/","url":"https:\/\/ecowas.rogeap.org\/pt-pt\/2023\/10\/20\/o-projeto-regional-de-acesso-a-eletricidade-fora-da-rede-rogeap-foi-oficialmente-lancado-em-cabo-verde-por-s-e-dr-omar-alieu-touray-presidente-da-comissao-da-cedeao\/","name":"O Projeto Regional de Acesso \u00e0 Eletricidade Fora da Rede (ROGEAP) foi oficialmente lan\u00e7ado em Cabo Verde por S.E. Dr. Omar Alieu TOURAY, Presidente da Comiss\u00e3o da CEDEAO - ROGEAP","isPartOf":{"@id":"https:\/\/ecowas.rogeap.org\/pt-pt\/#website"},"primaryImageOfPage":{"@id":"https:\/\/ecowas.rogeap.org\/pt-pt\/2023\/10\/20\/o-projeto-regional-de-acesso-a-eletricidade-fora-da-rede-rogeap-foi-oficialmente-lancado-em-cabo-verde-por-s-e-dr-omar-alieu-touray-presidente-da-comissao-da-cedeao\/#primaryimage"},"image":{"@id":"https:\/\/ecowas.rogeap.org\/pt-pt\/2023\/10\/20\/o-projeto-regional-de-acesso-a-eletricidade-fora-da-rede-rogeap-foi-oficialmente-lancado-em-cabo-verde-por-s-e-dr-omar-alieu-touray-presidente-da-comissao-da-cedeao\/#primaryimage"},"thumbnailUrl":"https:\/\/ecowas.rogeap.org\/wp-content\/uploads\/2023\/10\/3.jpg","datePublished":"2023-10-20T09:47:37+00:00","dateModified":"2023-10-20T17:03:36+00:00","breadcrumb":{"@id":"https:\/\/ecowas.rogeap.org\/pt-pt\/2023\/10\/20\/o-projeto-regional-de-acesso-a-eletricidade-fora-da-rede-rogeap-foi-oficialmente-lancado-em-cabo-verde-por-s-e-dr-omar-alieu-touray-presidente-da-comissao-da-cedeao\/#breadcrumb"},"inLanguage":"pt-PT","potentialAction":[{"@type":"ReadAction","target":["https:\/\/ecowas.rogeap.org\/pt-pt\/2023\/10\/20\/o-projeto-regional-de-acesso-a-eletricidade-fora-da-rede-rogeap-foi-oficialmente-lancado-em-cabo-verde-por-s-e-dr-omar-alieu-touray-presidente-da-comissao-da-cedeao\/"]}]},{"@type":"ImageObject","inLanguage":"pt-PT","@id":"https:\/\/ecowas.rogeap.org\/pt-pt\/2023\/10\/20\/o-projeto-regional-de-acesso-a-eletricidade-fora-da-rede-rogeap-foi-oficialmente-lancado-em-cabo-verde-por-s-e-dr-omar-alieu-touray-presidente-da-comissao-da-cedeao\/#primaryimage","url":"https:\/\/ecowas.rogeap.org\/wp-content\/uploads\/2023\/10\/3.jpg","contentUrl":"https:\/\/ecowas.rogeap.org\/wp-content\/uploads\/2023\/10\/3.jpg","width":1732,"height":1154},{"@type":"BreadcrumbList","@id":"https:\/\/ecowas.rogeap.org\/pt-pt\/2023\/10\/20\/o-projeto-regional-de-acesso-a-eletricidade-fora-da-rede-rogeap-foi-oficialmente-lancado-em-cabo-verde-por-s-e-dr-omar-alieu-touray-presidente-da-comissao-da-cedeao\/#breadcrumb","itemListElement":[{"@type":"ListItem","position":1,"name":"Accueil","item":"https:\/\/ecowas.rogeap.org\/pt-pt\/accueil\/"},{"@type":"ListItem","position":2,"name":"O Projeto Regional de Acesso \u00e0 Eletricidade Fora da Rede (ROGEAP) foi oficialmente lan\u00e7ado em Cabo Verde por S.E. Dr. Omar Alieu TOURAY, Presidente da Comiss\u00e3o da CEDEAO"}]},{"@type":"WebSite","@id":"https:\/\/ecowas.rogeap.org\/pt-pt\/#website","url":"https:\/\/ecowas.rogeap.org\/pt-pt\/","name":"ROGEAP","description":"Projet R\u00e9gional d\u2019Acc\u00e8s \u00e0 l\u2019Electricit\u00e9 Hors R\u00e9seau","publisher":{"@id":"https:\/\/ecowas.rogeap.org\/pt-pt\/#organization"},"potentialAction":[{"@type":"SearchAction","target":{"@type":"EntryPoint","urlTemplate":"https:\/\/ecowas.rogeap.org\/pt-pt\/?s={search_term_string}"},"query-input":{"@type":"PropertyValueSpecification","valueRequired":true,"valueName":"search_term_string"}}],"inLanguage":"pt-PT"},{"@type":"Organization","@id":"https:\/\/ecowas.rogeap.org\/pt-pt\/#organization","name":"Projet d\u2019acc\u00e8s \u00e0 l\u2019\u00e9lectricit\u00e9 hors r\u00e9seau","url":"https:\/\/ecowas.rogeap.org\/pt-pt\/","logo":{"@type":"ImageObject","inLanguage":"pt-PT","@id":"https:\/\/ecowas.rogeap.org\/pt-pt\/#\/schema\/logo\/image\/","url":"https:\/\/ecowas.rogeap.org\/wp-content\/uploads\/2023\/08\/2.png","contentUrl":"https:\/\/ecowas.rogeap.org\/wp-content\/uploads\/2023\/08\/2.png","width":1359,"height":743,"caption":"Projet d\u2019acc\u00e8s \u00e0 l\u2019\u00e9lectricit\u00e9 hors r\u00e9seau"},"image":{"@id":"https:\/\/ecowas.rogeap.org\/pt-pt\/#\/schema\/logo\/image\/"},"sameAs":["https:\/\/www.facebook.com\/EcowasRogeap","https:\/\/x.com\/ERogeap","https:\/\/www.linkedin.com\/company\/ecowas-rogeap-regional-off-grid-electricity-access-project"]},{"@type":"Person","@id":"https:\/\/ecowas.rogeap.org\/pt-pt\/#\/schema\/person\/63ef93e9c17986a27e2eea8edcd5b68f","name":"Jo\u00ebl AHOFODJI","image":{"@type":"ImageObject","inLanguage":"pt-PT","@id":"https:\/\/secure.gravatar.com\/avatar\/18f7c25a79f29998d5fc1c4422934d04cff57ce230a5f4ce6fa75d59faee30d1?s=96&d=mm&r=g","url":"https:\/\/secure.gravatar.com\/avatar\/18f7c25a79f29998d5fc1c4422934d04cff57ce230a5f4ce6fa75d59faee30d1?s=96&d=mm&r=g","contentUrl":"https:\/\/secure.gravatar.com\/avatar\/18f7c25a79f29998d5fc1c4422934d04cff57ce230a5f4ce6fa75d59faee30d1?s=96&d=mm&r=g","caption":"Jo\u00ebl AHOFODJI"},"sameAs":["https:\/\/ecowas.rogeap.org"],"url":"https:\/\/ecowas.rogeap.org\/pt-pt\/author\/ahofodji\/"}]}},"_links":{"self":[{"href":"https:\/\/ecowas.rogeap.org\/pt-pt\/wp-json\/wp\/v2\/posts\/8053","targetHints":{"allow":["GET"]}}],"collection":[{"href":"https:\/\/ecowas.rogeap.org\/pt-pt\/wp-json\/wp\/v2\/posts"}],"about":[{"href":"https:\/\/ecowas.rogeap.org\/pt-pt\/wp-json\/wp\/v2\/types\/post"}],"author":[{"embeddable":true,"href":"https:\/\/ecowas.rogeap.org\/pt-pt\/wp-json\/wp\/v2\/users\/5"}],"replies":[{"embeddable":true,"href":"https:\/\/ecowas.rogeap.org\/pt-pt\/wp-json\/wp\/v2\/comments?post=8053"}],"version-history":[{"count":1,"href":"https:\/\/ecowas.rogeap.org\/pt-pt\/wp-json\/wp\/v2\/posts\/8053\/revisions"}],"predecessor-version":[{"id":8054,"href":"https:\/\/ecowas.rogeap.org\/pt-pt\/wp-json\/wp\/v2\/posts\/8053\/revisions\/8054"}],"wp:featuredmedia":[{"embeddable":true,"href":"https:\/\/ecowas.rogeap.org\/pt-pt\/wp-json\/wp\/v2\/media\/8037"}],"wp:attachment":[{"href":"https:\/\/ecowas.rogeap.org\/pt-pt\/wp-json\/wp\/v2\/media?parent=8053"}],"wp:term":[{"taxonomy":"category","embeddable":true,"href":"https:\/\/ecowas.rogeap.org\/pt-pt\/wp-json\/wp\/v2\/categories?post=8053"},{"taxonomy":"post_tag","embeddable":true,"href":"https:\/\/ecowas.rogeap.org\/pt-pt\/wp-json\/wp\/v2\/tags?post=8053"}],"curies":[{"name":"wp","href":"https:\/\/api.w.org\/{rel}","templated":true}]}}