{"id":8581,"date":"2025-02-27T11:10:24","date_gmt":"2025-02-27T11:10:24","guid":{"rendered":"https:\/\/ecowas.rogeap.org\/2025\/02\/27\/restabelecimento-do-modelo-comercial-para-a-eletrificacao-das-instituicoes-publicas-educacao-e-saude-no-benim\/"},"modified":"2025-02-27T14:12:31","modified_gmt":"2025-02-27T14:12:31","slug":"restabelecimento-do-modelo-comercial-para-a-eletrificacao-das-instituicoes-publicas-educacao-e-saude-no-benim","status":"publish","type":"post","link":"https:\/\/ecowas.rogeap.org\/pt-pt\/2025\/02\/27\/restabelecimento-do-modelo-comercial-para-a-eletrificacao-das-instituicoes-publicas-educacao-e-saude-no-benim\/","title":{"rendered":"Restabelecimento do modelo comercial para a eletrifica\u00e7\u00e3o das institui\u00e7\u00f5es p\u00fablicas (educa\u00e7\u00e3o e sa\u00fade) no Benim"},"content":{"rendered":"\n<p>Cotonou, Benim, 26 de fevereiro de 2025<\/p>\n\n<p>Restabelecimento do modelo comercial para a eletrifica\u00e7\u00e3o das institui\u00e7\u00f5es p\u00fablicas (educa\u00e7\u00e3o e sa\u00fade) no Benim: a CEDEAO re\u00fane as partes interessadas em Cotonu para apresentar os resultados dos estudos de viabilidade.<\/p>\n\n<p>Cerca de trinta participantes dos Minist\u00e9rios da Energia, \u00c1gua e Minas, Sa\u00fade, Economia e Finan\u00e7as, parceiros t\u00e9cnicos e financeiros e do sector privado reuniram-se em Cotonou na quarta-feira, 26 de fevereiro de 2025, por iniciativa da CEDEAO, no \u00e2mbito da implementa\u00e7\u00e3o do Projeto Regional de Acesso \u00e0 Eletricidade Fora da Rede (ROGEAP).<\/p>\n\n<p>O objetivo do semin\u00e1rio era apresentar os resultados dos estudos de viabilidade para a eletrifica\u00e7\u00e3o de 15 centros de sa\u00fade na zona rural do Benim utilizando a tecnologia solar fotovoltaica. Il s\u2019agit entre autres de pr\u00e9senter les trois premiers rapports de l\u2019\u00e9tude :<\/p>\n\n<ul class=\"wp-block-list\">\n<li>\n          <em>Fazer um invent\u00e1rio do equipamento el\u00e9trico nos 15 centros de sa\u00fade selecionados, determinar as suas necessidades de eletricidade e, em seguida, dimensionar os geradores solares fotovoltaicos a instalar;<\/em>\n        <\/li>\n\n\n\n<li>\n          <em>Conceber um modelo de neg\u00f3cio para a eletrifica\u00e7\u00e3o das institui\u00e7\u00f5es p\u00fablicas em geral, identificando : (i) os desafios relacionados com o sistema de pagamento dos servi\u00e7os de eletricidade pelo sector p\u00fablico e (ii) a &#8220;apet\u00eancia&#8221; do sector privado para trabalhar com um modelo baseado em servi\u00e7os de desempenho;<\/em>\n        <\/li>\n\n\n\n<li>\n          <em>E desenvolver uma estrat\u00e9gia de implementa\u00e7\u00e3o do modelo definido para garantir a sua sustentabilidade.<\/em>\n        <\/li>\n<\/ul>\n\n<p>O ROGEAP \u00e9 um projeto financiado pelo Banco Mundial e pelos seus parceiros no valor de quase 340 milh\u00f5es de d\u00f3lares. Est\u00e1 a ser implementado pela Comiss\u00e3o da CEDEAO para a componente 1 (Desenvolvimento de um mercado regional para sistemas solares fotovoltaicos fora da rede) e pelo Banco de Desenvolvimento da \u00c1frica Ocidental (BOAD) para a componente 2 (Acesso ao financiamento).<\/p>\n\n<p>O ROGEAP tem como objetivo melhorar as condi\u00e7\u00f5es de vida das pessoas em 19 pa\u00edses, incluindo os 12 pa\u00edses da CEDEAO, fornecendo solu\u00e7\u00f5es de energia sustent\u00e1vel atrav\u00e9s de sistemas solares fotovoltaicos fora da rede.<\/p>\n\n<figure class=\"wp-block-gallery has-nested-images columns-default is-cropped wp-block-gallery-1 is-layout-flex wp-block-gallery-is-layout-flex\">\n<figure class=\"wp-block-image size-large\"><img fetchpriority=\"high\" decoding=\"async\" width=\"1024\" height=\"683\" data-id=\"8544\" src=\"https:\/\/ecowas.rogeap.org\/wp-content\/uploads\/2025\/02\/SYLLA-1024x683.jpg\" alt=\"\" class=\"wp-image-8544\"\/><\/figure>\n\n\n\n<figure class=\"wp-block-image size-large\"><img decoding=\"async\" width=\"940\" height=\"788\" data-id=\"8568\" src=\"https:\/\/ecowas.rogeap.org\/wp-content\/uploads\/2025\/02\/REGIONAL-OFF-GRID-ELECTRICITY-ACCESS-PROJECT.zip-4.jpg\" alt=\"\" class=\"wp-image-8568\"\/><\/figure>\n\n\n\n<figure class=\"wp-block-image size-large\"><img decoding=\"async\" width=\"819\" height=\"1024\" data-id=\"8550\" src=\"https:\/\/ecowas.rogeap.org\/wp-content\/uploads\/2025\/02\/REGIONAL-OFF-GRID-ELECTRICITY-ACCESS-PROJECT_3-819x1024.jpg\" alt=\"\" class=\"wp-image-8550\"\/><\/figure>\n\n\n\n<figure class=\"wp-block-image size-large\"><img loading=\"lazy\" decoding=\"async\" width=\"940\" height=\"788\" data-id=\"8565\" src=\"https:\/\/ecowas.rogeap.org\/wp-content\/uploads\/2025\/02\/REGIONAL-OFF-GRID-ELECTRICITY-ACCESS-PROJECT.zip-3-1.jpg\" alt=\"\" class=\"wp-image-8565\"\/><\/figure>\n\n\n\n<figure class=\"wp-block-image size-large\"><img loading=\"lazy\" decoding=\"async\" width=\"940\" height=\"788\" data-id=\"8562\" src=\"https:\/\/ecowas.rogeap.org\/wp-content\/uploads\/2025\/02\/REGIONAL-OFF-GRID-ELECTRICITY-ACCESS-PROJECT.zip-5-1.jpg\" alt=\"\" class=\"wp-image-8562\"\/><\/figure>\n\n\n\n<figure class=\"wp-block-image size-large\"><img loading=\"lazy\" decoding=\"async\" width=\"940\" height=\"788\" data-id=\"8559\" src=\"https:\/\/ecowas.rogeap.org\/wp-content\/uploads\/2025\/02\/REGIONAL-OFF-GRID-ELECTRICITY-ACCESS-PROJECT.zip-6-1.jpg\" alt=\"\" class=\"wp-image-8559\"\/><\/figure>\n\n\n\n<figure class=\"wp-block-image size-large\"><img loading=\"lazy\" decoding=\"async\" width=\"940\" height=\"788\" data-id=\"8556\" src=\"https:\/\/ecowas.rogeap.org\/wp-content\/uploads\/2025\/02\/REGIONAL-OFF-GRID-ELECTRICITY-ACCESS-PROJECT.zip-7-1.jpg\" alt=\"\" class=\"wp-image-8556\"\/><\/figure>\n\n\n\n<figure class=\"wp-block-image size-large\"><img loading=\"lazy\" decoding=\"async\" width=\"940\" height=\"788\" data-id=\"8553\" src=\"https:\/\/ecowas.rogeap.org\/wp-content\/uploads\/2025\/02\/REGIONAL-OFF-GRID-ELECTRICITY-ACCESS-PROJECT.zip-8.jpg\" alt=\"\" class=\"wp-image-8553\"\/><\/figure>\n\n\n\n<figure class=\"wp-block-image size-large\"><img loading=\"lazy\" decoding=\"async\" width=\"1024\" height=\"724\" data-id=\"8547\" src=\"https:\/\/ecowas.rogeap.org\/wp-content\/uploads\/2025\/02\/REGIONAL-OFF-GRID-ELECTRICITY-ACCESS-PROJECT_4-1024x724.jpg\" alt=\"\" class=\"wp-image-8547\"\/><\/figure>\n<\/figure>\n","protected":false},"excerpt":{"rendered":"<p>Cotonou, Benim, 26 de fevereiro de 2025 Restabelecimento do modelo comercial para a eletrifica\u00e7\u00e3o das institui\u00e7\u00f5es p\u00fablicas (educa\u00e7\u00e3o e sa\u00fade) no Benim: a CEDEAO re\u00fane as partes interessadas em Cotonu para apresentar os resultados dos estudos de viabilidade. Cerca de trinta participantes dos Minist\u00e9rios da Energia, \u00c1gua e Minas, Sa\u00fade, Economia e Finan\u00e7as, parceiros t\u00e9cnicos [&hellip;]<\/p>\n","protected":false},"author":2,"featured_media":8547,"comment_status":"open","ping_status":"open","sticky":false,"template":"","format":"standard","meta":{"om_disable_all_campaigns":false,"_monsterinsights_skip_tracking":false,"_monsterinsights_sitenote_active":false,"_monsterinsights_sitenote_note":"","_monsterinsights_sitenote_category":0,"_uf_show_specific_survey":0,"_uf_disable_surveys":false,"footnotes":""},"categories":[126,124],"tags":[],"class_list":["post-8581","post","type-post","status-publish","format-standard","has-post-thumbnail","hentry","category-estudos","category-oficina"],"yoast_head":"<!-- This site is optimized with the Yoast SEO plugin v27.5 - https:\/\/yoast.com\/product\/yoast-seo-wordpress\/ -->\n<title>Restabelecimento do modelo comercial para a eletrifica\u00e7\u00e3o das institui\u00e7\u00f5es p\u00fablicas (educa\u00e7\u00e3o e sa\u00fade) no Benim - ROGEAP<\/title>\n<meta name=\"description\" content=\"Restabelecimento do modelo comercial para a eletrifica\u00e7\u00e3o das institui\u00e7\u00f5es p\u00fablicas (educa\u00e7\u00e3o e sa\u00fade) no Benim O projeto ROGEAP, eletricidade\" \/>\n<meta name=\"robots\" content=\"index, follow, max-snippet:-1, max-image-preview:large, max-video-preview:-1\" \/>\n<link rel=\"canonical\" href=\"https:\/\/ecowas.rogeap.org\/pt-pt\/2025\/02\/27\/restabelecimento-do-modelo-comercial-para-a-eletrificacao-das-instituicoes-publicas-educacao-e-saude-no-benim\/\" \/>\n<meta property=\"og:locale\" content=\"pt_PT\" \/>\n<meta property=\"og:type\" content=\"article\" \/>\n<meta property=\"og:title\" content=\"Restabelecimento do modelo comercial para a eletrifica\u00e7\u00e3o das institui\u00e7\u00f5es p\u00fablicas (educa\u00e7\u00e3o e sa\u00fade) no Benim - ROGEAP\" \/>\n<meta property=\"og:description\" content=\"Restabelecimento do modelo comercial para a eletrifica\u00e7\u00e3o das institui\u00e7\u00f5es p\u00fablicas (educa\u00e7\u00e3o e sa\u00fade) no Benim O projeto ROGEAP, eletricidade\" \/>\n<meta property=\"og:url\" content=\"https:\/\/ecowas.rogeap.org\/pt-pt\/2025\/02\/27\/restabelecimento-do-modelo-comercial-para-a-eletrificacao-das-instituicoes-publicas-educacao-e-saude-no-benim\/\" \/>\n<meta property=\"og:site_name\" content=\"ROGEAP\" \/>\n<meta property=\"article:publisher\" content=\"https:\/\/www.facebook.com\/EcowasRogeap\" \/>\n<meta property=\"article:published_time\" content=\"2025-02-27T11:10:24+00:00\" \/>\n<meta property=\"article:modified_time\" content=\"2025-02-27T14:12:31+00:00\" \/>\n<meta property=\"og:image\" content=\"https:\/\/ecowas.rogeap.org\/wp-content\/uploads\/2025\/02\/REGIONAL-OFF-GRID-ELECTRICITY-ACCESS-PROJECT_4.jpg\" \/>\n\t<meta property=\"og:image:width\" content=\"2000\" \/>\n\t<meta property=\"og:image:height\" content=\"1414\" \/>\n\t<meta property=\"og:image:type\" content=\"image\/jpeg\" \/>\n<meta name=\"author\" content=\"moctar\" \/>\n<meta name=\"twitter:card\" content=\"summary_large_image\" \/>\n<meta name=\"twitter:creator\" content=\"@ERogeap\" \/>\n<meta name=\"twitter:site\" content=\"@ERogeap\" \/>\n<meta name=\"twitter:label1\" content=\"Escrito por\" \/>\n\t<meta name=\"twitter:data1\" content=\"moctar\" \/>\n\t<meta name=\"twitter:label2\" content=\"Tempo estimado de leitura\" \/>\n\t<meta name=\"twitter:data2\" content=\"2 minutos\" \/>\n<script type=\"application\/ld+json\" class=\"yoast-schema-graph\">{\"@context\":\"https:\\\/\\\/schema.org\",\"@graph\":[{\"@type\":\"Article\",\"@id\":\"https:\\\/\\\/ecowas.rogeap.org\\\/pt-pt\\\/2025\\\/02\\\/27\\\/restabelecimento-do-modelo-comercial-para-a-eletrificacao-das-instituicoes-publicas-educacao-e-saude-no-benim\\\/#article\",\"isPartOf\":{\"@id\":\"https:\\\/\\\/ecowas.rogeap.org\\\/pt-pt\\\/2025\\\/02\\\/27\\\/restabelecimento-do-modelo-comercial-para-a-eletrificacao-das-instituicoes-publicas-educacao-e-saude-no-benim\\\/\"},\"author\":{\"name\":\"moctar\",\"@id\":\"https:\\\/\\\/ecowas.rogeap.org\\\/pt-pt\\\/#\\\/schema\\\/person\\\/b2acbb40c56959ca1e898cf294ed0ab2\"},\"headline\":\"Restabelecimento do modelo comercial para a eletrifica\u00e7\u00e3o das institui\u00e7\u00f5es p\u00fablicas (educa\u00e7\u00e3o e sa\u00fade) no Benim\",\"datePublished\":\"2025-02-27T11:10:24+00:00\",\"dateModified\":\"2025-02-27T14:12:31+00:00\",\"mainEntityOfPage\":{\"@id\":\"https:\\\/\\\/ecowas.rogeap.org\\\/pt-pt\\\/2025\\\/02\\\/27\\\/restabelecimento-do-modelo-comercial-para-a-eletrificacao-das-instituicoes-publicas-educacao-e-saude-no-benim\\\/\"},\"wordCount\":362,\"commentCount\":0,\"publisher\":{\"@id\":\"https:\\\/\\\/ecowas.rogeap.org\\\/pt-pt\\\/#organization\"},\"image\":{\"@id\":\"https:\\\/\\\/ecowas.rogeap.org\\\/pt-pt\\\/2025\\\/02\\\/27\\\/restabelecimento-do-modelo-comercial-para-a-eletrificacao-das-instituicoes-publicas-educacao-e-saude-no-benim\\\/#primaryimage\"},\"thumbnailUrl\":\"https:\\\/\\\/ecowas.rogeap.org\\\/wp-content\\\/uploads\\\/2025\\\/02\\\/REGIONAL-OFF-GRID-ELECTRICITY-ACCESS-PROJECT_4.jpg\",\"articleSection\":[\"Estudos\",\"Oficina\"],\"inLanguage\":\"pt-PT\",\"potentialAction\":[{\"@type\":\"CommentAction\",\"name\":\"Comment\",\"target\":[\"https:\\\/\\\/ecowas.rogeap.org\\\/pt-pt\\\/2025\\\/02\\\/27\\\/restabelecimento-do-modelo-comercial-para-a-eletrificacao-das-instituicoes-publicas-educacao-e-saude-no-benim\\\/#respond\"]}]},{\"@type\":\"WebPage\",\"@id\":\"https:\\\/\\\/ecowas.rogeap.org\\\/pt-pt\\\/2025\\\/02\\\/27\\\/restabelecimento-do-modelo-comercial-para-a-eletrificacao-das-instituicoes-publicas-educacao-e-saude-no-benim\\\/\",\"url\":\"https:\\\/\\\/ecowas.rogeap.org\\\/pt-pt\\\/2025\\\/02\\\/27\\\/restabelecimento-do-modelo-comercial-para-a-eletrificacao-das-instituicoes-publicas-educacao-e-saude-no-benim\\\/\",\"name\":\"Restabelecimento do modelo comercial para a eletrifica\u00e7\u00e3o das institui\u00e7\u00f5es p\u00fablicas (educa\u00e7\u00e3o e sa\u00fade) no Benim - ROGEAP\",\"isPartOf\":{\"@id\":\"https:\\\/\\\/ecowas.rogeap.org\\\/pt-pt\\\/#website\"},\"primaryImageOfPage\":{\"@id\":\"https:\\\/\\\/ecowas.rogeap.org\\\/pt-pt\\\/2025\\\/02\\\/27\\\/restabelecimento-do-modelo-comercial-para-a-eletrificacao-das-instituicoes-publicas-educacao-e-saude-no-benim\\\/#primaryimage\"},\"image\":{\"@id\":\"https:\\\/\\\/ecowas.rogeap.org\\\/pt-pt\\\/2025\\\/02\\\/27\\\/restabelecimento-do-modelo-comercial-para-a-eletrificacao-das-instituicoes-publicas-educacao-e-saude-no-benim\\\/#primaryimage\"},\"thumbnailUrl\":\"https:\\\/\\\/ecowas.rogeap.org\\\/wp-content\\\/uploads\\\/2025\\\/02\\\/REGIONAL-OFF-GRID-ELECTRICITY-ACCESS-PROJECT_4.jpg\",\"datePublished\":\"2025-02-27T11:10:24+00:00\",\"dateModified\":\"2025-02-27T14:12:31+00:00\",\"description\":\"Restabelecimento do modelo comercial para a eletrifica\u00e7\u00e3o das institui\u00e7\u00f5es p\u00fablicas (educa\u00e7\u00e3o e sa\u00fade) no Benim O projeto ROGEAP, eletricidade\",\"breadcrumb\":{\"@id\":\"https:\\\/\\\/ecowas.rogeap.org\\\/pt-pt\\\/2025\\\/02\\\/27\\\/restabelecimento-do-modelo-comercial-para-a-eletrificacao-das-instituicoes-publicas-educacao-e-saude-no-benim\\\/#breadcrumb\"},\"inLanguage\":\"pt-PT\",\"potentialAction\":[{\"@type\":\"ReadAction\",\"target\":[\"https:\\\/\\\/ecowas.rogeap.org\\\/pt-pt\\\/2025\\\/02\\\/27\\\/restabelecimento-do-modelo-comercial-para-a-eletrificacao-das-instituicoes-publicas-educacao-e-saude-no-benim\\\/\"]}]},{\"@type\":\"ImageObject\",\"inLanguage\":\"pt-PT\",\"@id\":\"https:\\\/\\\/ecowas.rogeap.org\\\/pt-pt\\\/2025\\\/02\\\/27\\\/restabelecimento-do-modelo-comercial-para-a-eletrificacao-das-instituicoes-publicas-educacao-e-saude-no-benim\\\/#primaryimage\",\"url\":\"https:\\\/\\\/ecowas.rogeap.org\\\/wp-content\\\/uploads\\\/2025\\\/02\\\/REGIONAL-OFF-GRID-ELECTRICITY-ACCESS-PROJECT_4.jpg\",\"contentUrl\":\"https:\\\/\\\/ecowas.rogeap.org\\\/wp-content\\\/uploads\\\/2025\\\/02\\\/REGIONAL-OFF-GRID-ELECTRICITY-ACCESS-PROJECT_4.jpg\",\"width\":2000,\"height\":1414},{\"@type\":\"BreadcrumbList\",\"@id\":\"https:\\\/\\\/ecowas.rogeap.org\\\/pt-pt\\\/2025\\\/02\\\/27\\\/restabelecimento-do-modelo-comercial-para-a-eletrificacao-das-instituicoes-publicas-educacao-e-saude-no-benim\\\/#breadcrumb\",\"itemListElement\":[{\"@type\":\"ListItem\",\"position\":1,\"name\":\"Accueil\",\"item\":\"https:\\\/\\\/ecowas.rogeap.org\\\/pt-pt\\\/accueil\\\/\"},{\"@type\":\"ListItem\",\"position\":2,\"name\":\"Restabelecimento do modelo comercial para a eletrifica\u00e7\u00e3o das institui\u00e7\u00f5es p\u00fablicas (educa\u00e7\u00e3o e sa\u00fade) no Benim\"}]},{\"@type\":\"WebSite\",\"@id\":\"https:\\\/\\\/ecowas.rogeap.org\\\/pt-pt\\\/#website\",\"url\":\"https:\\\/\\\/ecowas.rogeap.org\\\/pt-pt\\\/\",\"name\":\"ROGEAP\",\"description\":\"Projet R\u00e9gional d\u2019Acc\u00e8s \u00e0 l\u2019Electricit\u00e9 Hors R\u00e9seau\",\"publisher\":{\"@id\":\"https:\\\/\\\/ecowas.rogeap.org\\\/pt-pt\\\/#organization\"},\"potentialAction\":[{\"@type\":\"SearchAction\",\"target\":{\"@type\":\"EntryPoint\",\"urlTemplate\":\"https:\\\/\\\/ecowas.rogeap.org\\\/pt-pt\\\/?s={search_term_string}\"},\"query-input\":{\"@type\":\"PropertyValueSpecification\",\"valueRequired\":true,\"valueName\":\"search_term_string\"}}],\"inLanguage\":\"pt-PT\"},{\"@type\":\"Organization\",\"@id\":\"https:\\\/\\\/ecowas.rogeap.org\\\/pt-pt\\\/#organization\",\"name\":\"Projet d\u2019acc\u00e8s \u00e0 l\u2019\u00e9lectricit\u00e9 hors r\u00e9seau\",\"url\":\"https:\\\/\\\/ecowas.rogeap.org\\\/pt-pt\\\/\",\"logo\":{\"@type\":\"ImageObject\",\"inLanguage\":\"pt-PT\",\"@id\":\"https:\\\/\\\/ecowas.rogeap.org\\\/pt-pt\\\/#\\\/schema\\\/logo\\\/image\\\/\",\"url\":\"https:\\\/\\\/ecowas.rogeap.org\\\/wp-content\\\/uploads\\\/2023\\\/08\\\/2.png\",\"contentUrl\":\"https:\\\/\\\/ecowas.rogeap.org\\\/wp-content\\\/uploads\\\/2023\\\/08\\\/2.png\",\"width\":1359,\"height\":743,\"caption\":\"Projet d\u2019acc\u00e8s \u00e0 l\u2019\u00e9lectricit\u00e9 hors r\u00e9seau\"},\"image\":{\"@id\":\"https:\\\/\\\/ecowas.rogeap.org\\\/pt-pt\\\/#\\\/schema\\\/logo\\\/image\\\/\"},\"sameAs\":[\"https:\\\/\\\/www.facebook.com\\\/EcowasRogeap\",\"https:\\\/\\\/x.com\\\/ERogeap\",\"https:\\\/\\\/www.linkedin.com\\\/company\\\/ecowas-rogeap-regional-off-grid-electricity-access-project\"]},{\"@type\":\"Person\",\"@id\":\"https:\\\/\\\/ecowas.rogeap.org\\\/pt-pt\\\/#\\\/schema\\\/person\\\/b2acbb40c56959ca1e898cf294ed0ab2\",\"name\":\"moctar\",\"image\":{\"@type\":\"ImageObject\",\"inLanguage\":\"pt-PT\",\"@id\":\"https:\\\/\\\/secure.gravatar.com\\\/avatar\\\/38cc25b614fc3052270e87018d6933dc827cedc8e569726bf3c3585da50cc657?s=96&d=mm&r=g\",\"url\":\"https:\\\/\\\/secure.gravatar.com\\\/avatar\\\/38cc25b614fc3052270e87018d6933dc827cedc8e569726bf3c3585da50cc657?s=96&d=mm&r=g\",\"contentUrl\":\"https:\\\/\\\/secure.gravatar.com\\\/avatar\\\/38cc25b614fc3052270e87018d6933dc827cedc8e569726bf3c3585da50cc657?s=96&d=mm&r=g\",\"caption\":\"moctar\"},\"url\":\"https:\\\/\\\/ecowas.rogeap.org\\\/pt-pt\\\/author\\\/moctar\\\/\"}]}<\/script>\n<!-- \/ Yoast SEO plugin. -->","yoast_head_json":{"title":"Restabelecimento do modelo comercial para a eletrifica\u00e7\u00e3o das institui\u00e7\u00f5es p\u00fablicas (educa\u00e7\u00e3o e sa\u00fade) no Benim - ROGEAP","description":"Restabelecimento do modelo comercial para a eletrifica\u00e7\u00e3o das institui\u00e7\u00f5es p\u00fablicas (educa\u00e7\u00e3o e sa\u00fade) no Benim O projeto ROGEAP, eletricidade","robots":{"index":"index","follow":"follow","max-snippet":"max-snippet:-1","max-image-preview":"max-image-preview:large","max-video-preview":"max-video-preview:-1"},"canonical":"https:\/\/ecowas.rogeap.org\/pt-pt\/2025\/02\/27\/restabelecimento-do-modelo-comercial-para-a-eletrificacao-das-instituicoes-publicas-educacao-e-saude-no-benim\/","og_locale":"pt_PT","og_type":"article","og_title":"Restabelecimento do modelo comercial para a eletrifica\u00e7\u00e3o das institui\u00e7\u00f5es p\u00fablicas (educa\u00e7\u00e3o e sa\u00fade) no Benim - ROGEAP","og_description":"Restabelecimento do modelo comercial para a eletrifica\u00e7\u00e3o das institui\u00e7\u00f5es p\u00fablicas (educa\u00e7\u00e3o e sa\u00fade) no Benim O projeto ROGEAP, eletricidade","og_url":"https:\/\/ecowas.rogeap.org\/pt-pt\/2025\/02\/27\/restabelecimento-do-modelo-comercial-para-a-eletrificacao-das-instituicoes-publicas-educacao-e-saude-no-benim\/","og_site_name":"ROGEAP","article_publisher":"https:\/\/www.facebook.com\/EcowasRogeap","article_published_time":"2025-02-27T11:10:24+00:00","article_modified_time":"2025-02-27T14:12:31+00:00","og_image":[{"width":2000,"height":1414,"url":"https:\/\/ecowas.rogeap.org\/wp-content\/uploads\/2025\/02\/REGIONAL-OFF-GRID-ELECTRICITY-ACCESS-PROJECT_4.jpg","type":"image\/jpeg"}],"author":"moctar","twitter_card":"summary_large_image","twitter_creator":"@ERogeap","twitter_site":"@ERogeap","twitter_misc":{"Escrito por":"moctar","Tempo estimado de leitura":"2 minutos"},"schema":{"@context":"https:\/\/schema.org","@graph":[{"@type":"Article","@id":"https:\/\/ecowas.rogeap.org\/pt-pt\/2025\/02\/27\/restabelecimento-do-modelo-comercial-para-a-eletrificacao-das-instituicoes-publicas-educacao-e-saude-no-benim\/#article","isPartOf":{"@id":"https:\/\/ecowas.rogeap.org\/pt-pt\/2025\/02\/27\/restabelecimento-do-modelo-comercial-para-a-eletrificacao-das-instituicoes-publicas-educacao-e-saude-no-benim\/"},"author":{"name":"moctar","@id":"https:\/\/ecowas.rogeap.org\/pt-pt\/#\/schema\/person\/b2acbb40c56959ca1e898cf294ed0ab2"},"headline":"Restabelecimento do modelo comercial para a eletrifica\u00e7\u00e3o das institui\u00e7\u00f5es p\u00fablicas (educa\u00e7\u00e3o e sa\u00fade) no Benim","datePublished":"2025-02-27T11:10:24+00:00","dateModified":"2025-02-27T14:12:31+00:00","mainEntityOfPage":{"@id":"https:\/\/ecowas.rogeap.org\/pt-pt\/2025\/02\/27\/restabelecimento-do-modelo-comercial-para-a-eletrificacao-das-instituicoes-publicas-educacao-e-saude-no-benim\/"},"wordCount":362,"commentCount":0,"publisher":{"@id":"https:\/\/ecowas.rogeap.org\/pt-pt\/#organization"},"image":{"@id":"https:\/\/ecowas.rogeap.org\/pt-pt\/2025\/02\/27\/restabelecimento-do-modelo-comercial-para-a-eletrificacao-das-instituicoes-publicas-educacao-e-saude-no-benim\/#primaryimage"},"thumbnailUrl":"https:\/\/ecowas.rogeap.org\/wp-content\/uploads\/2025\/02\/REGIONAL-OFF-GRID-ELECTRICITY-ACCESS-PROJECT_4.jpg","articleSection":["Estudos","Oficina"],"inLanguage":"pt-PT","potentialAction":[{"@type":"CommentAction","name":"Comment","target":["https:\/\/ecowas.rogeap.org\/pt-pt\/2025\/02\/27\/restabelecimento-do-modelo-comercial-para-a-eletrificacao-das-instituicoes-publicas-educacao-e-saude-no-benim\/#respond"]}]},{"@type":"WebPage","@id":"https:\/\/ecowas.rogeap.org\/pt-pt\/2025\/02\/27\/restabelecimento-do-modelo-comercial-para-a-eletrificacao-das-instituicoes-publicas-educacao-e-saude-no-benim\/","url":"https:\/\/ecowas.rogeap.org\/pt-pt\/2025\/02\/27\/restabelecimento-do-modelo-comercial-para-a-eletrificacao-das-instituicoes-publicas-educacao-e-saude-no-benim\/","name":"Restabelecimento do modelo comercial para a eletrifica\u00e7\u00e3o das institui\u00e7\u00f5es p\u00fablicas (educa\u00e7\u00e3o e sa\u00fade) no Benim - ROGEAP","isPartOf":{"@id":"https:\/\/ecowas.rogeap.org\/pt-pt\/#website"},"primaryImageOfPage":{"@id":"https:\/\/ecowas.rogeap.org\/pt-pt\/2025\/02\/27\/restabelecimento-do-modelo-comercial-para-a-eletrificacao-das-instituicoes-publicas-educacao-e-saude-no-benim\/#primaryimage"},"image":{"@id":"https:\/\/ecowas.rogeap.org\/pt-pt\/2025\/02\/27\/restabelecimento-do-modelo-comercial-para-a-eletrificacao-das-instituicoes-publicas-educacao-e-saude-no-benim\/#primaryimage"},"thumbnailUrl":"https:\/\/ecowas.rogeap.org\/wp-content\/uploads\/2025\/02\/REGIONAL-OFF-GRID-ELECTRICITY-ACCESS-PROJECT_4.jpg","datePublished":"2025-02-27T11:10:24+00:00","dateModified":"2025-02-27T14:12:31+00:00","description":"Restabelecimento do modelo comercial para a eletrifica\u00e7\u00e3o das institui\u00e7\u00f5es p\u00fablicas (educa\u00e7\u00e3o e sa\u00fade) no Benim O projeto ROGEAP, eletricidade","breadcrumb":{"@id":"https:\/\/ecowas.rogeap.org\/pt-pt\/2025\/02\/27\/restabelecimento-do-modelo-comercial-para-a-eletrificacao-das-instituicoes-publicas-educacao-e-saude-no-benim\/#breadcrumb"},"inLanguage":"pt-PT","potentialAction":[{"@type":"ReadAction","target":["https:\/\/ecowas.rogeap.org\/pt-pt\/2025\/02\/27\/restabelecimento-do-modelo-comercial-para-a-eletrificacao-das-instituicoes-publicas-educacao-e-saude-no-benim\/"]}]},{"@type":"ImageObject","inLanguage":"pt-PT","@id":"https:\/\/ecowas.rogeap.org\/pt-pt\/2025\/02\/27\/restabelecimento-do-modelo-comercial-para-a-eletrificacao-das-instituicoes-publicas-educacao-e-saude-no-benim\/#primaryimage","url":"https:\/\/ecowas.rogeap.org\/wp-content\/uploads\/2025\/02\/REGIONAL-OFF-GRID-ELECTRICITY-ACCESS-PROJECT_4.jpg","contentUrl":"https:\/\/ecowas.rogeap.org\/wp-content\/uploads\/2025\/02\/REGIONAL-OFF-GRID-ELECTRICITY-ACCESS-PROJECT_4.jpg","width":2000,"height":1414},{"@type":"BreadcrumbList","@id":"https:\/\/ecowas.rogeap.org\/pt-pt\/2025\/02\/27\/restabelecimento-do-modelo-comercial-para-a-eletrificacao-das-instituicoes-publicas-educacao-e-saude-no-benim\/#breadcrumb","itemListElement":[{"@type":"ListItem","position":1,"name":"Accueil","item":"https:\/\/ecowas.rogeap.org\/pt-pt\/accueil\/"},{"@type":"ListItem","position":2,"name":"Restabelecimento do modelo comercial para a eletrifica\u00e7\u00e3o das institui\u00e7\u00f5es p\u00fablicas (educa\u00e7\u00e3o e sa\u00fade) no Benim"}]},{"@type":"WebSite","@id":"https:\/\/ecowas.rogeap.org\/pt-pt\/#website","url":"https:\/\/ecowas.rogeap.org\/pt-pt\/","name":"ROGEAP","description":"Projet R\u00e9gional d\u2019Acc\u00e8s \u00e0 l\u2019Electricit\u00e9 Hors R\u00e9seau","publisher":{"@id":"https:\/\/ecowas.rogeap.org\/pt-pt\/#organization"},"potentialAction":[{"@type":"SearchAction","target":{"@type":"EntryPoint","urlTemplate":"https:\/\/ecowas.rogeap.org\/pt-pt\/?s={search_term_string}"},"query-input":{"@type":"PropertyValueSpecification","valueRequired":true,"valueName":"search_term_string"}}],"inLanguage":"pt-PT"},{"@type":"Organization","@id":"https:\/\/ecowas.rogeap.org\/pt-pt\/#organization","name":"Projet d\u2019acc\u00e8s \u00e0 l\u2019\u00e9lectricit\u00e9 hors r\u00e9seau","url":"https:\/\/ecowas.rogeap.org\/pt-pt\/","logo":{"@type":"ImageObject","inLanguage":"pt-PT","@id":"https:\/\/ecowas.rogeap.org\/pt-pt\/#\/schema\/logo\/image\/","url":"https:\/\/ecowas.rogeap.org\/wp-content\/uploads\/2023\/08\/2.png","contentUrl":"https:\/\/ecowas.rogeap.org\/wp-content\/uploads\/2023\/08\/2.png","width":1359,"height":743,"caption":"Projet d\u2019acc\u00e8s \u00e0 l\u2019\u00e9lectricit\u00e9 hors r\u00e9seau"},"image":{"@id":"https:\/\/ecowas.rogeap.org\/pt-pt\/#\/schema\/logo\/image\/"},"sameAs":["https:\/\/www.facebook.com\/EcowasRogeap","https:\/\/x.com\/ERogeap","https:\/\/www.linkedin.com\/company\/ecowas-rogeap-regional-off-grid-electricity-access-project"]},{"@type":"Person","@id":"https:\/\/ecowas.rogeap.org\/pt-pt\/#\/schema\/person\/b2acbb40c56959ca1e898cf294ed0ab2","name":"moctar","image":{"@type":"ImageObject","inLanguage":"pt-PT","@id":"https:\/\/secure.gravatar.com\/avatar\/38cc25b614fc3052270e87018d6933dc827cedc8e569726bf3c3585da50cc657?s=96&d=mm&r=g","url":"https:\/\/secure.gravatar.com\/avatar\/38cc25b614fc3052270e87018d6933dc827cedc8e569726bf3c3585da50cc657?s=96&d=mm&r=g","contentUrl":"https:\/\/secure.gravatar.com\/avatar\/38cc25b614fc3052270e87018d6933dc827cedc8e569726bf3c3585da50cc657?s=96&d=mm&r=g","caption":"moctar"},"url":"https:\/\/ecowas.rogeap.org\/pt-pt\/author\/moctar\/"}]}},"_links":{"self":[{"href":"https:\/\/ecowas.rogeap.org\/pt-pt\/wp-json\/wp\/v2\/posts\/8581","targetHints":{"allow":["GET"]}}],"collection":[{"href":"https:\/\/ecowas.rogeap.org\/pt-pt\/wp-json\/wp\/v2\/posts"}],"about":[{"href":"https:\/\/ecowas.rogeap.org\/pt-pt\/wp-json\/wp\/v2\/types\/post"}],"author":[{"embeddable":true,"href":"https:\/\/ecowas.rogeap.org\/pt-pt\/wp-json\/wp\/v2\/users\/2"}],"replies":[{"embeddable":true,"href":"https:\/\/ecowas.rogeap.org\/pt-pt\/wp-json\/wp\/v2\/comments?post=8581"}],"version-history":[{"count":1,"href":"https:\/\/ecowas.rogeap.org\/pt-pt\/wp-json\/wp\/v2\/posts\/8581\/revisions"}],"predecessor-version":[{"id":8582,"href":"https:\/\/ecowas.rogeap.org\/pt-pt\/wp-json\/wp\/v2\/posts\/8581\/revisions\/8582"}],"wp:featuredmedia":[{"embeddable":true,"href":"https:\/\/ecowas.rogeap.org\/pt-pt\/wp-json\/wp\/v2\/media\/8547"}],"wp:attachment":[{"href":"https:\/\/ecowas.rogeap.org\/pt-pt\/wp-json\/wp\/v2\/media?parent=8581"}],"wp:term":[{"taxonomy":"category","embeddable":true,"href":"https:\/\/ecowas.rogeap.org\/pt-pt\/wp-json\/wp\/v2\/categories?post=8581"},{"taxonomy":"post_tag","embeddable":true,"href":"https:\/\/ecowas.rogeap.org\/pt-pt\/wp-json\/wp\/v2\/tags?post=8581"}],"curies":[{"name":"wp","href":"https:\/\/api.w.org\/{rel}","templated":true}]}}