{"id":9621,"date":"2026-03-06T21:21:17","date_gmt":"2026-03-06T21:21:17","guid":{"rendered":"https:\/\/ecowas.rogeap.org\/2026\/03\/06\/abertura-do-terceiro-workshop-regional-da-rede-de-jornalistas-da-rogeap-sobre-os-resultados-do-referido-projeto\/"},"modified":"2026-03-07T12:21:56","modified_gmt":"2026-03-07T12:21:56","slug":"abertura-do-terceiro-workshop-regional-da-rede-de-jornalistas-da-rogeap-sobre-os-resultados-do-referido-projeto","status":"publish","type":"post","link":"https:\/\/ecowas.rogeap.org\/pt-pt\/2026\/03\/06\/abertura-do-terceiro-workshop-regional-da-rede-de-jornalistas-da-rogeap-sobre-os-resultados-do-referido-projeto\/","title":{"rendered":"Abertura do terceiro workshop regional da rede de jornalistas da ROGEAP sobre os resultados do referido projeto"},"content":{"rendered":"\n<p>Terceiro Workshop de Sensibiliza\u00e7\u00e3o dos Jornalistas da ROGEAP: Jornalistas e especialistas em Comunica\u00e7\u00e3o re\u00fanem-se em Lom\u00e9 para impulsionar a Comunica\u00e7\u00e3o do Projeto.<\/p>\n\n<p>Lom\u00e9 (05 de mar\u00e7o de 2026). Os membros da Rede de Jornalistas ROGEAP re\u00fanem-se em Lom\u00e9 no \u00e2mbito de um workshop regional previsto para os dias 5 e 6 de mar\u00e7o de 2026. Este encontro re\u00fane jornalistas e representantes dos 19 Estados-Membros da rede.<\/p>\n\n<p>Esses pa\u00edses incluem os Estados-Membros da CEDEAO, bem como a Maurit\u00e2nia, o Chade, os Camar\u00f5es e a Rep\u00fablica Centro-Africana. O Mali, o Burquina Faso e o N\u00edger tamb\u00e9m participam nas atividades da rede.<\/p>\n\n<p>O workshop, que teve in\u00edcio hoje, visa refor\u00e7ar as capacidades dos jornalistas e promover uma melhor compreens\u00e3o das quest\u00f5es relacionadas com o acesso \u00e0 energia e a promo\u00e7\u00e3o das energias renov\u00e1veis na regi\u00e3o. Constitui igualmente uma plataforma de interc\u00e2mbio entre profissionais dos meios de comunica\u00e7\u00e3o social e institui\u00e7\u00f5es parceiras envolvidas na implementa\u00e7\u00e3o do programa.<\/p>\n\n<p>V\u00e1rias organiza\u00e7\u00f5es e institui\u00e7\u00f5es participam neste encontro, nomeadamente o programa ROGEAP, a Dire\u00e7\u00e3o de Comunica\u00e7\u00e3o da Comiss\u00e3o, o Banco Oeste Africano de Desenvolvimento (BOAD), bem como o Centro para as Energias Renov\u00e1veis e a Efici\u00eancia Energ\u00e9tica da CEDEAO (ECREEE). A<strong> Plataforma do Setor Privado (PFM) <\/strong>tamb\u00e9m participa das discuss\u00f5es.<\/p>\n\n<p>Durante estes dois dias de trabalhos, os participantes ir\u00e3o debater os resultados do Projeto regional de acesso \u00e0 eletricidade fora da rede nos 19 Estados-Membros.<\/p>\n\n<p>\n          <strong>&#8212;&#8212;&#8212;&#8212;&#8212;FIN&#8212;&#8212;&#8212;&#8212;&#8212;&#8211;<\/strong>\n        <\/p>\n\n<p>Para mais informa\u00e7\u00f5es, contactar<\/p>\n\n<p>Dire\u00e7\u00e3o de Comunica\u00e7\u00e3o, Comiss\u00e3o da CEDEAO<\/p>\n\n<p>X: @ecowas_cedeao &#8211; Facebook: Ecowas-Cedeao<\/p>\n\n<p>\n          <a href=\"http:\/\/www.ecowas.int\">www.ecowas.int<\/a>\n        <\/p>\n\n<figure class=\"wp-block-gallery has-nested-images columns-default is-cropped wp-block-gallery-1 is-layout-flex wp-block-gallery-is-layout-flex\">\n<figure class=\"wp-block-image size-large\"><img decoding=\"async\" data-id=\"9593\" src=\"https:\/\/ecowas.rogeap.org\/wp-content\/uploads\/2026\/03\/IMG_20260305_094155_392@474957671-768x1024.jpg\" alt=\"\" class=\"wp-image-9593\"\/><\/figure>\n\n\n\n<figure class=\"wp-block-image size-large\"><img fetchpriority=\"high\" decoding=\"async\" width=\"768\" height=\"1024\" data-id=\"9604\" src=\"https:\/\/ecowas.rogeap.org\/wp-content\/uploads\/2026\/03\/IMG_20260305_093232_131@-1878359093-768x1024.jpg\" alt=\"\" class=\"wp-image-9604\"\/><\/figure>\n\n\n\n<figure class=\"wp-block-image size-large\"><img decoding=\"async\" width=\"1024\" height=\"768\" data-id=\"9601\" src=\"https:\/\/ecowas.rogeap.org\/wp-content\/uploads\/2026\/03\/IMG_20260305_114937_640@121550448-1024x768.jpg\" alt=\"\" class=\"wp-image-9601\"\/><\/figure>\n\n\n\n<figure class=\"wp-block-image size-large\"><img decoding=\"async\" width=\"768\" height=\"1024\" data-id=\"9598\" src=\"https:\/\/ecowas.rogeap.org\/wp-content\/uploads\/2026\/03\/IMG_20260305_093500_646@1406001432-768x1024.jpg\" alt=\"\" class=\"wp-image-9598\"\/><\/figure>\n\n\n\n<figure class=\"wp-block-image size-large\"><img loading=\"lazy\" decoding=\"async\" width=\"1024\" height=\"768\" data-id=\"9592\" src=\"https:\/\/ecowas.rogeap.org\/wp-content\/uploads\/2026\/03\/IMG_20260305_093226_373@1569642160-1024x768.jpg\" alt=\"\" class=\"wp-image-9592\"\/><\/figure>\n\n\n\n<figure class=\"wp-block-image size-large\"><img loading=\"lazy\" decoding=\"async\" width=\"768\" height=\"1024\" data-id=\"9607\" src=\"https:\/\/ecowas.rogeap.org\/wp-content\/uploads\/2026\/03\/IMG_20260305_114959_348@2048426229-768x1024.jpg\" alt=\"\" class=\"wp-image-9607\"\/><\/figure>\n<\/figure>\n","protected":false},"excerpt":{"rendered":"<p>Jornalistas e especialistas em comunica\u00e7\u00e3o dos pa\u00edses membros da CEDEAO participam em Lom\u00e9 no terceiro workshop regional da rede de jornalistas ROGEAP dedicado \u00e0 comunica\u00e7\u00e3o sobre o acesso \u00e0 energia e \u00e0s energias renov\u00e1veis.<\/p>\n","protected":false},"author":2,"featured_media":9593,"comment_status":"open","ping_status":"open","sticky":false,"template":"","format":"standard","meta":{"om_disable_all_campaigns":false,"_monsterinsights_skip_tracking":false,"_monsterinsights_sitenote_active":false,"_monsterinsights_sitenote_note":"","_monsterinsights_sitenote_category":0,"_uf_show_specific_survey":0,"_uf_disable_surveys":false,"footnotes":""},"categories":[124],"tags":[165,303,162,302,171,301,300],"class_list":["post-9621","post","type-post","status-publish","format-standard","has-post-thumbnail","hentry","category-oficina","tag-boad-pt-pt","tag-ecreee-pt-pt","tag-eletricidade-pt-pt","tag-energias-renovaveis-africa-ocidental","tag-fora-da-rede-energia-sustentavel","tag-jornalistas-da-cedeao","tag-rogeap-jornalistas-cedeao-acesso-a-eletricidade-fora-da-rede-energias-renovaveis-africa-ocidental-ecreee-boad-comunicacao-sobre-energia"],"yoast_head":"<!-- This site is optimized with the Yoast SEO plugin v27.5 - https:\/\/yoast.com\/product\/yoast-seo-wordpress\/ -->\n<title>ROGEAP: workshop regional de jornalistas em Lom\u00e9 sobre o acesso \u00e0 energia<\/title>\n<meta name=\"description\" content=\"Jornalistas de 19 pa\u00edses re\u00fanem-se em Lom\u00e9 para um workshop da rede ROGEAP com o objetivo de refor\u00e7ar a comunica\u00e7\u00e3o sobre o acesso \u00e0 energia e as energias renov\u00e1veis.\" \/>\n<meta name=\"robots\" content=\"index, follow, max-snippet:-1, max-image-preview:large, max-video-preview:-1\" \/>\n<link rel=\"canonical\" href=\"https:\/\/ecowas.rogeap.org\/pt-pt\/2026\/03\/06\/abertura-do-terceiro-workshop-regional-da-rede-de-jornalistas-da-rogeap-sobre-os-resultados-do-referido-projeto\/\" \/>\n<meta property=\"og:locale\" content=\"pt_PT\" \/>\n<meta property=\"og:type\" content=\"article\" \/>\n<meta property=\"og:title\" content=\"ROGEAP: workshop regional de jornalistas em Lom\u00e9 sobre o acesso \u00e0 energia\" \/>\n<meta property=\"og:description\" content=\"Jornalistas de 19 pa\u00edses re\u00fanem-se em Lom\u00e9 para um workshop da rede ROGEAP com o objetivo de refor\u00e7ar a comunica\u00e7\u00e3o sobre o acesso \u00e0 energia e as energias renov\u00e1veis.\" \/>\n<meta property=\"og:url\" content=\"https:\/\/ecowas.rogeap.org\/pt-pt\/2026\/03\/06\/abertura-do-terceiro-workshop-regional-da-rede-de-jornalistas-da-rogeap-sobre-os-resultados-do-referido-projeto\/\" \/>\n<meta property=\"og:site_name\" content=\"ROGEAP\" \/>\n<meta property=\"article:publisher\" content=\"https:\/\/www.facebook.com\/EcowasRogeap\" \/>\n<meta property=\"article:published_time\" content=\"2026-03-06T21:21:17+00:00\" \/>\n<meta property=\"article:modified_time\" content=\"2026-03-07T12:21:56+00:00\" \/>\n<meta property=\"og:image\" content=\"https:\/\/ecowas.rogeap.org\/wp-content\/uploads\/2026\/03\/IMG_20260305_094155_392@474957671-scaled-e1772839455976.jpg\" \/>\n\t<meta property=\"og:image:width\" content=\"1894\" \/>\n\t<meta property=\"og:image:height\" content=\"1566\" \/>\n\t<meta property=\"og:image:type\" content=\"image\/jpeg\" \/>\n<meta name=\"author\" content=\"moctar\" \/>\n<meta name=\"twitter:card\" content=\"summary_large_image\" \/>\n<meta name=\"twitter:creator\" content=\"@ERogeap\" \/>\n<meta name=\"twitter:site\" content=\"@ERogeap\" \/>\n<meta name=\"twitter:label1\" content=\"Escrito por\" \/>\n\t<meta name=\"twitter:data1\" content=\"moctar\" \/>\n\t<meta name=\"twitter:label2\" content=\"Tempo estimado de leitura\" \/>\n\t<meta name=\"twitter:data2\" content=\"1 minuto\" \/>\n<script type=\"application\/ld+json\" class=\"yoast-schema-graph\">{\"@context\":\"https:\\\/\\\/schema.org\",\"@graph\":[{\"@type\":\"Article\",\"@id\":\"https:\\\/\\\/ecowas.rogeap.org\\\/pt-pt\\\/2026\\\/03\\\/06\\\/abertura-do-terceiro-workshop-regional-da-rede-de-jornalistas-da-rogeap-sobre-os-resultados-do-referido-projeto\\\/#article\",\"isPartOf\":{\"@id\":\"https:\\\/\\\/ecowas.rogeap.org\\\/pt-pt\\\/2026\\\/03\\\/06\\\/abertura-do-terceiro-workshop-regional-da-rede-de-jornalistas-da-rogeap-sobre-os-resultados-do-referido-projeto\\\/\"},\"author\":{\"name\":\"moctar\",\"@id\":\"https:\\\/\\\/ecowas.rogeap.org\\\/pt-pt\\\/#\\\/schema\\\/person\\\/b2acbb40c56959ca1e898cf294ed0ab2\"},\"headline\":\"Abertura do terceiro workshop regional da rede de jornalistas da ROGEAP sobre os resultados do referido projeto\",\"datePublished\":\"2026-03-06T21:21:17+00:00\",\"dateModified\":\"2026-03-07T12:21:56+00:00\",\"mainEntityOfPage\":{\"@id\":\"https:\\\/\\\/ecowas.rogeap.org\\\/pt-pt\\\/2026\\\/03\\\/06\\\/abertura-do-terceiro-workshop-regional-da-rede-de-jornalistas-da-rogeap-sobre-os-resultados-do-referido-projeto\\\/\"},\"wordCount\":296,\"commentCount\":0,\"publisher\":{\"@id\":\"https:\\\/\\\/ecowas.rogeap.org\\\/pt-pt\\\/#organization\"},\"image\":{\"@id\":\"https:\\\/\\\/ecowas.rogeap.org\\\/pt-pt\\\/2026\\\/03\\\/06\\\/abertura-do-terceiro-workshop-regional-da-rede-de-jornalistas-da-rogeap-sobre-os-resultados-do-referido-projeto\\\/#primaryimage\"},\"thumbnailUrl\":\"https:\\\/\\\/ecowas.rogeap.org\\\/wp-content\\\/uploads\\\/2026\\\/03\\\/IMG_20260305_094155_392@474957671-scaled-e1772839455976.jpg\",\"keywords\":[\"BOAD\",\"ECREEE\",\"Eletricidade\",\"energias renov\u00e1veis \u00c1frica Ocidental\",\"Fora da rede; Energia sustent\u00e1vel\",\"jornalistas da CEDEAO\",\"ROGEAP jornalistas CEDEAO acesso \u00e0 eletricidade fora da rede energias renov\u00e1veis \u00c1frica Ocidental ECREEE BOAD comunica\u00e7\u00e3o sobre energia\"],\"articleSection\":[\"Oficina\"],\"inLanguage\":\"pt-PT\",\"potentialAction\":[{\"@type\":\"CommentAction\",\"name\":\"Comment\",\"target\":[\"https:\\\/\\\/ecowas.rogeap.org\\\/pt-pt\\\/2026\\\/03\\\/06\\\/abertura-do-terceiro-workshop-regional-da-rede-de-jornalistas-da-rogeap-sobre-os-resultados-do-referido-projeto\\\/#respond\"]}]},{\"@type\":\"WebPage\",\"@id\":\"https:\\\/\\\/ecowas.rogeap.org\\\/pt-pt\\\/2026\\\/03\\\/06\\\/abertura-do-terceiro-workshop-regional-da-rede-de-jornalistas-da-rogeap-sobre-os-resultados-do-referido-projeto\\\/\",\"url\":\"https:\\\/\\\/ecowas.rogeap.org\\\/pt-pt\\\/2026\\\/03\\\/06\\\/abertura-do-terceiro-workshop-regional-da-rede-de-jornalistas-da-rogeap-sobre-os-resultados-do-referido-projeto\\\/\",\"name\":\"ROGEAP: workshop regional de jornalistas em Lom\u00e9 sobre o acesso \u00e0 energia\",\"isPartOf\":{\"@id\":\"https:\\\/\\\/ecowas.rogeap.org\\\/pt-pt\\\/#website\"},\"primaryImageOfPage\":{\"@id\":\"https:\\\/\\\/ecowas.rogeap.org\\\/pt-pt\\\/2026\\\/03\\\/06\\\/abertura-do-terceiro-workshop-regional-da-rede-de-jornalistas-da-rogeap-sobre-os-resultados-do-referido-projeto\\\/#primaryimage\"},\"image\":{\"@id\":\"https:\\\/\\\/ecowas.rogeap.org\\\/pt-pt\\\/2026\\\/03\\\/06\\\/abertura-do-terceiro-workshop-regional-da-rede-de-jornalistas-da-rogeap-sobre-os-resultados-do-referido-projeto\\\/#primaryimage\"},\"thumbnailUrl\":\"https:\\\/\\\/ecowas.rogeap.org\\\/wp-content\\\/uploads\\\/2026\\\/03\\\/IMG_20260305_094155_392@474957671-scaled-e1772839455976.jpg\",\"datePublished\":\"2026-03-06T21:21:17+00:00\",\"dateModified\":\"2026-03-07T12:21:56+00:00\",\"description\":\"Jornalistas de 19 pa\u00edses re\u00fanem-se em Lom\u00e9 para um workshop da rede ROGEAP com o objetivo de refor\u00e7ar a comunica\u00e7\u00e3o sobre o acesso \u00e0 energia e as energias renov\u00e1veis.\",\"breadcrumb\":{\"@id\":\"https:\\\/\\\/ecowas.rogeap.org\\\/pt-pt\\\/2026\\\/03\\\/06\\\/abertura-do-terceiro-workshop-regional-da-rede-de-jornalistas-da-rogeap-sobre-os-resultados-do-referido-projeto\\\/#breadcrumb\"},\"inLanguage\":\"pt-PT\",\"potentialAction\":[{\"@type\":\"ReadAction\",\"target\":[\"https:\\\/\\\/ecowas.rogeap.org\\\/pt-pt\\\/2026\\\/03\\\/06\\\/abertura-do-terceiro-workshop-regional-da-rede-de-jornalistas-da-rogeap-sobre-os-resultados-do-referido-projeto\\\/\"]}]},{\"@type\":\"ImageObject\",\"inLanguage\":\"pt-PT\",\"@id\":\"https:\\\/\\\/ecowas.rogeap.org\\\/pt-pt\\\/2026\\\/03\\\/06\\\/abertura-do-terceiro-workshop-regional-da-rede-de-jornalistas-da-rogeap-sobre-os-resultados-do-referido-projeto\\\/#primaryimage\",\"url\":\"https:\\\/\\\/ecowas.rogeap.org\\\/wp-content\\\/uploads\\\/2026\\\/03\\\/IMG_20260305_094155_392@474957671-scaled-e1772839455976.jpg\",\"contentUrl\":\"https:\\\/\\\/ecowas.rogeap.org\\\/wp-content\\\/uploads\\\/2026\\\/03\\\/IMG_20260305_094155_392@474957671-scaled-e1772839455976.jpg\",\"width\":1894,\"height\":1566,\"caption\":\"0-3048x4064-1-0-{}-0-24#\"},{\"@type\":\"BreadcrumbList\",\"@id\":\"https:\\\/\\\/ecowas.rogeap.org\\\/pt-pt\\\/2026\\\/03\\\/06\\\/abertura-do-terceiro-workshop-regional-da-rede-de-jornalistas-da-rogeap-sobre-os-resultados-do-referido-projeto\\\/#breadcrumb\",\"itemListElement\":[{\"@type\":\"ListItem\",\"position\":1,\"name\":\"Accueil\",\"item\":\"https:\\\/\\\/ecowas.rogeap.org\\\/pt-pt\\\/accueil\\\/\"},{\"@type\":\"ListItem\",\"position\":2,\"name\":\"Abertura do terceiro workshop regional da rede de jornalistas da ROGEAP sobre os resultados do referido projeto\"}]},{\"@type\":\"WebSite\",\"@id\":\"https:\\\/\\\/ecowas.rogeap.org\\\/pt-pt\\\/#website\",\"url\":\"https:\\\/\\\/ecowas.rogeap.org\\\/pt-pt\\\/\",\"name\":\"ROGEAP\",\"description\":\"Projet R\u00e9gional d\u2019Acc\u00e8s \u00e0 l\u2019Electricit\u00e9 Hors R\u00e9seau\",\"publisher\":{\"@id\":\"https:\\\/\\\/ecowas.rogeap.org\\\/pt-pt\\\/#organization\"},\"potentialAction\":[{\"@type\":\"SearchAction\",\"target\":{\"@type\":\"EntryPoint\",\"urlTemplate\":\"https:\\\/\\\/ecowas.rogeap.org\\\/pt-pt\\\/?s={search_term_string}\"},\"query-input\":{\"@type\":\"PropertyValueSpecification\",\"valueRequired\":true,\"valueName\":\"search_term_string\"}}],\"inLanguage\":\"pt-PT\"},{\"@type\":\"Organization\",\"@id\":\"https:\\\/\\\/ecowas.rogeap.org\\\/pt-pt\\\/#organization\",\"name\":\"Projet d\u2019acc\u00e8s \u00e0 l\u2019\u00e9lectricit\u00e9 hors r\u00e9seau\",\"url\":\"https:\\\/\\\/ecowas.rogeap.org\\\/pt-pt\\\/\",\"logo\":{\"@type\":\"ImageObject\",\"inLanguage\":\"pt-PT\",\"@id\":\"https:\\\/\\\/ecowas.rogeap.org\\\/pt-pt\\\/#\\\/schema\\\/logo\\\/image\\\/\",\"url\":\"https:\\\/\\\/ecowas.rogeap.org\\\/wp-content\\\/uploads\\\/2023\\\/08\\\/2.png\",\"contentUrl\":\"https:\\\/\\\/ecowas.rogeap.org\\\/wp-content\\\/uploads\\\/2023\\\/08\\\/2.png\",\"width\":1359,\"height\":743,\"caption\":\"Projet d\u2019acc\u00e8s \u00e0 l\u2019\u00e9lectricit\u00e9 hors r\u00e9seau\"},\"image\":{\"@id\":\"https:\\\/\\\/ecowas.rogeap.org\\\/pt-pt\\\/#\\\/schema\\\/logo\\\/image\\\/\"},\"sameAs\":[\"https:\\\/\\\/www.facebook.com\\\/EcowasRogeap\",\"https:\\\/\\\/x.com\\\/ERogeap\",\"https:\\\/\\\/www.linkedin.com\\\/company\\\/ecowas-rogeap-regional-off-grid-electricity-access-project\"]},{\"@type\":\"Person\",\"@id\":\"https:\\\/\\\/ecowas.rogeap.org\\\/pt-pt\\\/#\\\/schema\\\/person\\\/b2acbb40c56959ca1e898cf294ed0ab2\",\"name\":\"moctar\",\"image\":{\"@type\":\"ImageObject\",\"inLanguage\":\"pt-PT\",\"@id\":\"https:\\\/\\\/secure.gravatar.com\\\/avatar\\\/38cc25b614fc3052270e87018d6933dc827cedc8e569726bf3c3585da50cc657?s=96&d=mm&r=g\",\"url\":\"https:\\\/\\\/secure.gravatar.com\\\/avatar\\\/38cc25b614fc3052270e87018d6933dc827cedc8e569726bf3c3585da50cc657?s=96&d=mm&r=g\",\"contentUrl\":\"https:\\\/\\\/secure.gravatar.com\\\/avatar\\\/38cc25b614fc3052270e87018d6933dc827cedc8e569726bf3c3585da50cc657?s=96&d=mm&r=g\",\"caption\":\"moctar\"},\"url\":\"https:\\\/\\\/ecowas.rogeap.org\\\/pt-pt\\\/author\\\/moctar\\\/\"}]}<\/script>\n<!-- \/ Yoast SEO plugin. -->","yoast_head_json":{"title":"ROGEAP: workshop regional de jornalistas em Lom\u00e9 sobre o acesso \u00e0 energia","description":"Jornalistas de 19 pa\u00edses re\u00fanem-se em Lom\u00e9 para um workshop da rede ROGEAP com o objetivo de refor\u00e7ar a comunica\u00e7\u00e3o sobre o acesso \u00e0 energia e as energias renov\u00e1veis.","robots":{"index":"index","follow":"follow","max-snippet":"max-snippet:-1","max-image-preview":"max-image-preview:large","max-video-preview":"max-video-preview:-1"},"canonical":"https:\/\/ecowas.rogeap.org\/pt-pt\/2026\/03\/06\/abertura-do-terceiro-workshop-regional-da-rede-de-jornalistas-da-rogeap-sobre-os-resultados-do-referido-projeto\/","og_locale":"pt_PT","og_type":"article","og_title":"ROGEAP: workshop regional de jornalistas em Lom\u00e9 sobre o acesso \u00e0 energia","og_description":"Jornalistas de 19 pa\u00edses re\u00fanem-se em Lom\u00e9 para um workshop da rede ROGEAP com o objetivo de refor\u00e7ar a comunica\u00e7\u00e3o sobre o acesso \u00e0 energia e as energias renov\u00e1veis.","og_url":"https:\/\/ecowas.rogeap.org\/pt-pt\/2026\/03\/06\/abertura-do-terceiro-workshop-regional-da-rede-de-jornalistas-da-rogeap-sobre-os-resultados-do-referido-projeto\/","og_site_name":"ROGEAP","article_publisher":"https:\/\/www.facebook.com\/EcowasRogeap","article_published_time":"2026-03-06T21:21:17+00:00","article_modified_time":"2026-03-07T12:21:56+00:00","og_image":[{"width":1894,"height":1566,"url":"https:\/\/ecowas.rogeap.org\/wp-content\/uploads\/2026\/03\/IMG_20260305_094155_392@474957671-scaled-e1772839455976.jpg","type":"image\/jpeg"}],"author":"moctar","twitter_card":"summary_large_image","twitter_creator":"@ERogeap","twitter_site":"@ERogeap","twitter_misc":{"Escrito por":"moctar","Tempo estimado de leitura":"1 minuto"},"schema":{"@context":"https:\/\/schema.org","@graph":[{"@type":"Article","@id":"https:\/\/ecowas.rogeap.org\/pt-pt\/2026\/03\/06\/abertura-do-terceiro-workshop-regional-da-rede-de-jornalistas-da-rogeap-sobre-os-resultados-do-referido-projeto\/#article","isPartOf":{"@id":"https:\/\/ecowas.rogeap.org\/pt-pt\/2026\/03\/06\/abertura-do-terceiro-workshop-regional-da-rede-de-jornalistas-da-rogeap-sobre-os-resultados-do-referido-projeto\/"},"author":{"name":"moctar","@id":"https:\/\/ecowas.rogeap.org\/pt-pt\/#\/schema\/person\/b2acbb40c56959ca1e898cf294ed0ab2"},"headline":"Abertura do terceiro workshop regional da rede de jornalistas da ROGEAP sobre os resultados do referido projeto","datePublished":"2026-03-06T21:21:17+00:00","dateModified":"2026-03-07T12:21:56+00:00","mainEntityOfPage":{"@id":"https:\/\/ecowas.rogeap.org\/pt-pt\/2026\/03\/06\/abertura-do-terceiro-workshop-regional-da-rede-de-jornalistas-da-rogeap-sobre-os-resultados-do-referido-projeto\/"},"wordCount":296,"commentCount":0,"publisher":{"@id":"https:\/\/ecowas.rogeap.org\/pt-pt\/#organization"},"image":{"@id":"https:\/\/ecowas.rogeap.org\/pt-pt\/2026\/03\/06\/abertura-do-terceiro-workshop-regional-da-rede-de-jornalistas-da-rogeap-sobre-os-resultados-do-referido-projeto\/#primaryimage"},"thumbnailUrl":"https:\/\/ecowas.rogeap.org\/wp-content\/uploads\/2026\/03\/IMG_20260305_094155_392@474957671-scaled-e1772839455976.jpg","keywords":["BOAD","ECREEE","Eletricidade","energias renov\u00e1veis \u00c1frica Ocidental","Fora da rede; Energia sustent\u00e1vel","jornalistas da CEDEAO","ROGEAP jornalistas CEDEAO acesso \u00e0 eletricidade fora da rede energias renov\u00e1veis \u00c1frica Ocidental ECREEE BOAD comunica\u00e7\u00e3o sobre energia"],"articleSection":["Oficina"],"inLanguage":"pt-PT","potentialAction":[{"@type":"CommentAction","name":"Comment","target":["https:\/\/ecowas.rogeap.org\/pt-pt\/2026\/03\/06\/abertura-do-terceiro-workshop-regional-da-rede-de-jornalistas-da-rogeap-sobre-os-resultados-do-referido-projeto\/#respond"]}]},{"@type":"WebPage","@id":"https:\/\/ecowas.rogeap.org\/pt-pt\/2026\/03\/06\/abertura-do-terceiro-workshop-regional-da-rede-de-jornalistas-da-rogeap-sobre-os-resultados-do-referido-projeto\/","url":"https:\/\/ecowas.rogeap.org\/pt-pt\/2026\/03\/06\/abertura-do-terceiro-workshop-regional-da-rede-de-jornalistas-da-rogeap-sobre-os-resultados-do-referido-projeto\/","name":"ROGEAP: workshop regional de jornalistas em Lom\u00e9 sobre o acesso \u00e0 energia","isPartOf":{"@id":"https:\/\/ecowas.rogeap.org\/pt-pt\/#website"},"primaryImageOfPage":{"@id":"https:\/\/ecowas.rogeap.org\/pt-pt\/2026\/03\/06\/abertura-do-terceiro-workshop-regional-da-rede-de-jornalistas-da-rogeap-sobre-os-resultados-do-referido-projeto\/#primaryimage"},"image":{"@id":"https:\/\/ecowas.rogeap.org\/pt-pt\/2026\/03\/06\/abertura-do-terceiro-workshop-regional-da-rede-de-jornalistas-da-rogeap-sobre-os-resultados-do-referido-projeto\/#primaryimage"},"thumbnailUrl":"https:\/\/ecowas.rogeap.org\/wp-content\/uploads\/2026\/03\/IMG_20260305_094155_392@474957671-scaled-e1772839455976.jpg","datePublished":"2026-03-06T21:21:17+00:00","dateModified":"2026-03-07T12:21:56+00:00","description":"Jornalistas de 19 pa\u00edses re\u00fanem-se em Lom\u00e9 para um workshop da rede ROGEAP com o objetivo de refor\u00e7ar a comunica\u00e7\u00e3o sobre o acesso \u00e0 energia e as energias renov\u00e1veis.","breadcrumb":{"@id":"https:\/\/ecowas.rogeap.org\/pt-pt\/2026\/03\/06\/abertura-do-terceiro-workshop-regional-da-rede-de-jornalistas-da-rogeap-sobre-os-resultados-do-referido-projeto\/#breadcrumb"},"inLanguage":"pt-PT","potentialAction":[{"@type":"ReadAction","target":["https:\/\/ecowas.rogeap.org\/pt-pt\/2026\/03\/06\/abertura-do-terceiro-workshop-regional-da-rede-de-jornalistas-da-rogeap-sobre-os-resultados-do-referido-projeto\/"]}]},{"@type":"ImageObject","inLanguage":"pt-PT","@id":"https:\/\/ecowas.rogeap.org\/pt-pt\/2026\/03\/06\/abertura-do-terceiro-workshop-regional-da-rede-de-jornalistas-da-rogeap-sobre-os-resultados-do-referido-projeto\/#primaryimage","url":"https:\/\/ecowas.rogeap.org\/wp-content\/uploads\/2026\/03\/IMG_20260305_094155_392@474957671-scaled-e1772839455976.jpg","contentUrl":"https:\/\/ecowas.rogeap.org\/wp-content\/uploads\/2026\/03\/IMG_20260305_094155_392@474957671-scaled-e1772839455976.jpg","width":1894,"height":1566,"caption":"0-3048x4064-1-0-{}-0-24#"},{"@type":"BreadcrumbList","@id":"https:\/\/ecowas.rogeap.org\/pt-pt\/2026\/03\/06\/abertura-do-terceiro-workshop-regional-da-rede-de-jornalistas-da-rogeap-sobre-os-resultados-do-referido-projeto\/#breadcrumb","itemListElement":[{"@type":"ListItem","position":1,"name":"Accueil","item":"https:\/\/ecowas.rogeap.org\/pt-pt\/accueil\/"},{"@type":"ListItem","position":2,"name":"Abertura do terceiro workshop regional da rede de jornalistas da ROGEAP sobre os resultados do referido projeto"}]},{"@type":"WebSite","@id":"https:\/\/ecowas.rogeap.org\/pt-pt\/#website","url":"https:\/\/ecowas.rogeap.org\/pt-pt\/","name":"ROGEAP","description":"Projet R\u00e9gional d\u2019Acc\u00e8s \u00e0 l\u2019Electricit\u00e9 Hors R\u00e9seau","publisher":{"@id":"https:\/\/ecowas.rogeap.org\/pt-pt\/#organization"},"potentialAction":[{"@type":"SearchAction","target":{"@type":"EntryPoint","urlTemplate":"https:\/\/ecowas.rogeap.org\/pt-pt\/?s={search_term_string}"},"query-input":{"@type":"PropertyValueSpecification","valueRequired":true,"valueName":"search_term_string"}}],"inLanguage":"pt-PT"},{"@type":"Organization","@id":"https:\/\/ecowas.rogeap.org\/pt-pt\/#organization","name":"Projet d\u2019acc\u00e8s \u00e0 l\u2019\u00e9lectricit\u00e9 hors r\u00e9seau","url":"https:\/\/ecowas.rogeap.org\/pt-pt\/","logo":{"@type":"ImageObject","inLanguage":"pt-PT","@id":"https:\/\/ecowas.rogeap.org\/pt-pt\/#\/schema\/logo\/image\/","url":"https:\/\/ecowas.rogeap.org\/wp-content\/uploads\/2023\/08\/2.png","contentUrl":"https:\/\/ecowas.rogeap.org\/wp-content\/uploads\/2023\/08\/2.png","width":1359,"height":743,"caption":"Projet d\u2019acc\u00e8s \u00e0 l\u2019\u00e9lectricit\u00e9 hors r\u00e9seau"},"image":{"@id":"https:\/\/ecowas.rogeap.org\/pt-pt\/#\/schema\/logo\/image\/"},"sameAs":["https:\/\/www.facebook.com\/EcowasRogeap","https:\/\/x.com\/ERogeap","https:\/\/www.linkedin.com\/company\/ecowas-rogeap-regional-off-grid-electricity-access-project"]},{"@type":"Person","@id":"https:\/\/ecowas.rogeap.org\/pt-pt\/#\/schema\/person\/b2acbb40c56959ca1e898cf294ed0ab2","name":"moctar","image":{"@type":"ImageObject","inLanguage":"pt-PT","@id":"https:\/\/secure.gravatar.com\/avatar\/38cc25b614fc3052270e87018d6933dc827cedc8e569726bf3c3585da50cc657?s=96&d=mm&r=g","url":"https:\/\/secure.gravatar.com\/avatar\/38cc25b614fc3052270e87018d6933dc827cedc8e569726bf3c3585da50cc657?s=96&d=mm&r=g","contentUrl":"https:\/\/secure.gravatar.com\/avatar\/38cc25b614fc3052270e87018d6933dc827cedc8e569726bf3c3585da50cc657?s=96&d=mm&r=g","caption":"moctar"},"url":"https:\/\/ecowas.rogeap.org\/pt-pt\/author\/moctar\/"}]}},"_links":{"self":[{"href":"https:\/\/ecowas.rogeap.org\/pt-pt\/wp-json\/wp\/v2\/posts\/9621","targetHints":{"allow":["GET"]}}],"collection":[{"href":"https:\/\/ecowas.rogeap.org\/pt-pt\/wp-json\/wp\/v2\/posts"}],"about":[{"href":"https:\/\/ecowas.rogeap.org\/pt-pt\/wp-json\/wp\/v2\/types\/post"}],"author":[{"embeddable":true,"href":"https:\/\/ecowas.rogeap.org\/pt-pt\/wp-json\/wp\/v2\/users\/2"}],"replies":[{"embeddable":true,"href":"https:\/\/ecowas.rogeap.org\/pt-pt\/wp-json\/wp\/v2\/comments?post=9621"}],"version-history":[{"count":1,"href":"https:\/\/ecowas.rogeap.org\/pt-pt\/wp-json\/wp\/v2\/posts\/9621\/revisions"}],"predecessor-version":[{"id":9622,"href":"https:\/\/ecowas.rogeap.org\/pt-pt\/wp-json\/wp\/v2\/posts\/9621\/revisions\/9622"}],"wp:featuredmedia":[{"embeddable":true,"href":"https:\/\/ecowas.rogeap.org\/pt-pt\/wp-json\/wp\/v2\/media\/9593"}],"wp:attachment":[{"href":"https:\/\/ecowas.rogeap.org\/pt-pt\/wp-json\/wp\/v2\/media?parent=9621"}],"wp:term":[{"taxonomy":"category","embeddable":true,"href":"https:\/\/ecowas.rogeap.org\/pt-pt\/wp-json\/wp\/v2\/categories?post=9621"},{"taxonomy":"post_tag","embeddable":true,"href":"https:\/\/ecowas.rogeap.org\/pt-pt\/wp-json\/wp\/v2\/tags?post=9621"}],"curies":[{"name":"wp","href":"https:\/\/api.w.org\/{rel}","templated":true}]}}